{"id":1774,"date":"2015-03-03T05:00:00","date_gmt":"2015-03-03T05:00:00","guid":{"rendered":""},"modified":"2015-03-03T05:00:00","modified_gmt":"2015-03-03T05:00:00","slug":"detalles-del-festival-de-diablos-y-congos","status":"publish","type":"post","link":"https:\/\/sertv.gob.pa\/crisolfm\/detalles-del-festival-de-diablos-y-congos\/","title":{"rendered":"Detalles del Festival de Diablos y Congos"},"content":{"rendered":"<p>\nEn la Casa de la Municipalidad de esta ciudad se llev\u00f3 a cabo la Conferencia de Prensa del 9\u00b0 Festival de Diablos y Congos de Portobelo 2015, para dar a conocer los detalles de este, considerado el m\u00e1ximo evento de la cultura afro-colonial que se realiza en nuestro pa\u00eds, y que se celebrar\u00e1 el s\u00e1bado 14 de marzo, organizado por la Fundaci\u00f3n Portobelo y el Grupo Rescate Hist\u00f3rico de Portobelo, con el patrocinio principal de la Autoridad de Turismo de Panam\u00e1 (ATP) y el Instituto Nacional de Cultura (INAC). <\/p>\n<p>El programa de actividades para ese d\u00eda est\u00e1 compuesto por la Feria Gastron\u00f3mica y Artesanal, que iniciar\u00e1 desde horas del mediod\u00eda en la planta baja de la Aduana de Portobelo; el Encuentro de Diablos y Congos, que tendr\u00e1 lugar en un gran escenario frente al parque del pueblo, a partir de las 2:00 de la tarde y el cierre con un Encuentro de Tambores y una sesi\u00f3n de fuegos artificiales, en el mismo parque. <\/p>\n<p>Para el esperado Encuentro de Diablos y Congos est\u00e1n confirmados siete grupos de congos: de Palenque, Jos\u00e9 del Mar, Portobelo adultos, Portobelo ni\u00f1os de Mam\u00e1 Ari y tres de Col\u00f3n ciudad, y once grupos de diablos de Portobelo, Mar\u00eda Chiquita, Santa Rita, Residencial Los Lagos, Ganga Pipe, Talento Cruz, Panam\u00e1 ciudad, Bocas del Toro y tres de Col\u00f3n ciudad. <\/p>\n<p>En la mesa principal de la Conferencia de Prensa estuvieron Roberto Enrique King, Productor Ejecutivo del Festival; Sandra Eleta, Presidenta de la Fundaci\u00f3n Portobelo; Maritza Vernaza, Directora Nacional de las Artes del INAC; Manuel \u00c1lvarez Cede\u00f1o, Jefe de Relaciones P\u00fablicas de la ATP; Alexandra Scjelderup, Subgerente de Cultura de la Alcald\u00eda de Panam\u00e1 y Victoriana Z\u00fa\u00f1iga, Presidenta del Grupo Realce Hist\u00f3rico de Portobelo.\u00a0 <\/p>\n<p>La actividad termin\u00f3 con una presentaci\u00f3n especial del grupo de congos y diablos de Portobelo. <\/p>\n<p>\u00a0 <\/p>\n<p>\u00a0 <\/p>\n","protected":false},"excerpt":{"rendered":"<p>En la Casa de la Municipalidad de esta ciudad se <a href=\"https:\/\/sertv.gob.pa\/crisolfm\/detalles-del-festival-de-diablos-y-congos\/\"> [&#8230;]<\/a><\/p>\n","protected":false},"author":1,"featured_media":1775,"comment_status":"closed","ping_status":"closed","sticky":false,"template":"","format":"standard","meta":{"footnotes":""},"categories":[6],"tags":[],"class_list":["post-1774","post","type-post","status-publish","format-standard","has-post-thumbnail","hentry","category-culturales"],"_links":{"self":[{"href":"https:\/\/sertv.gob.pa\/crisolfm\/wp-json\/wp\/v2\/posts\/1774","targetHints":{"allow":["GET"]}}],"collection":[{"href":"https:\/\/sertv.gob.pa\/crisolfm\/wp-json\/wp\/v2\/posts"}],"about":[{"href":"https:\/\/sertv.gob.pa\/crisolfm\/wp-json\/wp\/v2\/types\/post"}],"author":[{"embeddable":true,"href":"https:\/\/sertv.gob.pa\/crisolfm\/wp-json\/wp\/v2\/users\/1"}],"replies":[{"embeddable":true,"href":"https:\/\/sertv.gob.pa\/crisolfm\/wp-json\/wp\/v2\/comments?post=1774"}],"version-history":[{"count":0,"href":"https:\/\/sertv.gob.pa\/crisolfm\/wp-json\/wp\/v2\/posts\/1774\/revisions"}],"wp:featuredmedia":[{"embeddable":true,"href":"https:\/\/sertv.gob.pa\/crisolfm\/wp-json\/wp\/v2\/media\/1775"}],"wp:attachment":[{"href":"https:\/\/sertv.gob.pa\/crisolfm\/wp-json\/wp\/v2\/media?parent=1774"}],"wp:term":[{"taxonomy":"category","embeddable":true,"href":"https:\/\/sertv.gob.pa\/crisolfm\/wp-json\/wp\/v2\/categories?post=1774"},{"taxonomy":"post_tag","embeddable":true,"href":"https:\/\/sertv.gob.pa\/crisolfm\/wp-json\/wp\/v2\/tags?post=1774"}],"curies":[{"name":"wp","href":"https:\/\/api.w.org\/{rel}","templated":true}]}}