{"id":17769,"date":"2019-03-01T13:34:39","date_gmt":"2019-03-01T13:34:39","guid":{"rendered":"https:\/\/sertv.gob.pa\/crisolfm\/?p=17769"},"modified":"2019-03-01T13:34:39","modified_gmt":"2019-03-01T13:34:39","slug":"en-gira-fotografica-de-lois-iglesias-la-riqueza-de-los-pueblos-originarios-estara-presente","status":"publish","type":"post","link":"https:\/\/sertv.gob.pa\/crisolfm\/en-gira-fotografica-de-lois-iglesias-la-riqueza-de-los-pueblos-originarios-estara-presente\/","title":{"rendered":"En gira fotogr\u00e1fica de Lois Iglesias la riqueza de los pueblos originarios estar\u00e1 presente"},"content":{"rendered":"<p>Israel recibi\u00f3 con entusiasmo la apertura de la muestra fotogr\u00e1fica de la artista paname\u00f1a de la etnia Guna, Lois Iglesias, que incluye una veintena de im\u00e1genes que abarcan desde la riqueza de los pueblos originarios del istmo, as\u00ed como el poder cautivador de las tradiciones m\u00e1s genuinas de Panam\u00e1. La ciudad de Netanya, en la sede la biblioteca p\u00fablica en espa\u00f1ol m\u00e1s grande de Israel, se llev\u00f3 a cabo la primera exposici\u00f3n de la gira organizada por la Embajada de Panam\u00e1 en Israel.<\/p>\n<p>En el auditorio de la instalaci\u00f3n municipal, Iglesias, ganadora de varios premios nacionales e internacionales de fotograf\u00eda, expuso ante el p\u00fablico compuesto por autoridades locales, diplom\u00e1ticos, escritores, artistas, j\u00f3venes estudiantes y fot\u00f3grafos, el fundamento y numen del cometido de su lente. La exposici\u00f3n de Iglesias quien labora en el Instituto nacional de Cultura de Panam\u00e1, viajar\u00e1 luego a Jerusal\u00e9n, a la Universidad hebrea de Jerusal\u00e9n, la ciudad de Haifa y terminar\u00e1 en junio pr\u00f3ximo en el Instituto Cervantes de Tel Aviv.<\/p>\n<p>&nbsp;<\/p>\n<p>&nbsp;<\/p>\n<p>&nbsp;<\/p>\n","protected":false},"excerpt":{"rendered":"<p>Israel recibi\u00f3 con entusiasmo la apertura de la muestra fotogr\u00e1fica <a href=\"https:\/\/sertv.gob.pa\/crisolfm\/en-gira-fotografica-de-lois-iglesias-la-riqueza-de-los-pueblos-originarios-estara-presente\/\"> [&#8230;]<\/a><\/p>\n","protected":false},"author":64,"featured_media":17771,"comment_status":"closed","ping_status":"closed","sticky":false,"template":"","format":"standard","meta":{"footnotes":""},"categories":[6],"tags":[],"class_list":["post-17769","post","type-post","status-publish","format-standard","has-post-thumbnail","hentry","category-culturales"],"_links":{"self":[{"href":"https:\/\/sertv.gob.pa\/crisolfm\/wp-json\/wp\/v2\/posts\/17769","targetHints":{"allow":["GET"]}}],"collection":[{"href":"https:\/\/sertv.gob.pa\/crisolfm\/wp-json\/wp\/v2\/posts"}],"about":[{"href":"https:\/\/sertv.gob.pa\/crisolfm\/wp-json\/wp\/v2\/types\/post"}],"author":[{"embeddable":true,"href":"https:\/\/sertv.gob.pa\/crisolfm\/wp-json\/wp\/v2\/users\/64"}],"replies":[{"embeddable":true,"href":"https:\/\/sertv.gob.pa\/crisolfm\/wp-json\/wp\/v2\/comments?post=17769"}],"version-history":[{"count":1,"href":"https:\/\/sertv.gob.pa\/crisolfm\/wp-json\/wp\/v2\/posts\/17769\/revisions"}],"predecessor-version":[{"id":17772,"href":"https:\/\/sertv.gob.pa\/crisolfm\/wp-json\/wp\/v2\/posts\/17769\/revisions\/17772"}],"wp:featuredmedia":[{"embeddable":true,"href":"https:\/\/sertv.gob.pa\/crisolfm\/wp-json\/wp\/v2\/media\/17771"}],"wp:attachment":[{"href":"https:\/\/sertv.gob.pa\/crisolfm\/wp-json\/wp\/v2\/media?parent=17769"}],"wp:term":[{"taxonomy":"category","embeddable":true,"href":"https:\/\/sertv.gob.pa\/crisolfm\/wp-json\/wp\/v2\/categories?post=17769"},{"taxonomy":"post_tag","embeddable":true,"href":"https:\/\/sertv.gob.pa\/crisolfm\/wp-json\/wp\/v2\/tags?post=17769"}],"curies":[{"name":"wp","href":"https:\/\/api.w.org\/{rel}","templated":true}]}}