{"id":17777,"date":"2019-03-01T13:55:26","date_gmt":"2019-03-01T13:55:26","guid":{"rendered":"https:\/\/sertv.gob.pa\/crisolfm\/?p=17777"},"modified":"2019-03-01T13:55:26","modified_gmt":"2019-03-01T13:55:26","slug":"fallece-actriz-christian-bach-a-los-59-anos","status":"publish","type":"post","link":"https:\/\/sertv.gob.pa\/crisolfm\/fallece-actriz-christian-bach-a-los-59-anos\/","title":{"rendered":"Fallece actriz Christian Bach a los 59 a\u00f1os"},"content":{"rendered":"<p>La familia Zurita-Bach confirm\u00f3 la noticia de que <a href=\"https:\/\/mundohispanico.com\/entretenimiento\/muere-lourdes-deschamps\" target=\"_blank\" rel=\"noopener\">muri\u00f3 la actriz <\/a>Christian Bach, como consecuencia de un paro respiratorio, a la edad de 59 a\u00f1os. A trav\u00e9s de un sorpresivo comunicado, la familia del tambi\u00e9n actor <a href=\"https:\/\/mundohispanico.com\/entretenimiento\/humberto-zurita-el-centauro-viene-con-un-deseo-enfermo-de-venganza-video\" target=\"_blank\" rel=\"noopener\">Humberto Zurita<\/a> inform\u00f3 que el deceso ocurri\u00f3 el martes 26 de febrero, sin ofrecer m\u00e1s detalles sobre el deceso de Christian Bach.<\/p>\n<p>Siempre fue su voluntad guardar los asuntos personales y familiares en intimidad absoluta, para as\u00ed poder llevar una vida normal, paralela a nuestra profesi\u00f3n y a la exposici\u00f3n medi\u00e1tica derivada de nuestra labor. Es esta parte p\u00fablica de nuestra vida la que hoy, nos obliga a compartir con todos ustedes esta gran p\u00e9rdida para la familia\u201d, dice el comunicado emitido por la familia <a href=\"https:\/\/mundohispanico.com\/entretenimiento\/explota-sebastian-zurita-contra-victoria-de-canelo-foto\" target=\"_blank\" rel=\"noopener\">Zurita<\/a> Bach. \u201cLes rogamos reciban con respeto y cari\u00f1o, para poder as\u00ed, ser fieles a sus deseos y su comportamiento siempre respetuoso y lleno de cari\u00f1o para quienes tanto la apoyaron a lo largo de su carrera\u201d, agrega el comunicado firmado por la familia de actores.<\/p>\n<p>&nbsp;<\/p>\n<p>&nbsp;<\/p>\n","protected":false},"excerpt":{"rendered":"<p>La familia Zurita-Bach confirm\u00f3 la noticia de que muri\u00f3 la <a href=\"https:\/\/sertv.gob.pa\/crisolfm\/fallece-actriz-christian-bach-a-los-59-anos\/\"> [&#8230;]<\/a><\/p>\n","protected":false},"author":64,"featured_media":17780,"comment_status":"closed","ping_status":"closed","sticky":false,"template":"","format":"standard","meta":{"footnotes":""},"categories":[6],"tags":[],"class_list":["post-17777","post","type-post","status-publish","format-standard","has-post-thumbnail","hentry","category-culturales"],"_links":{"self":[{"href":"https:\/\/sertv.gob.pa\/crisolfm\/wp-json\/wp\/v2\/posts\/17777","targetHints":{"allow":["GET"]}}],"collection":[{"href":"https:\/\/sertv.gob.pa\/crisolfm\/wp-json\/wp\/v2\/posts"}],"about":[{"href":"https:\/\/sertv.gob.pa\/crisolfm\/wp-json\/wp\/v2\/types\/post"}],"author":[{"embeddable":true,"href":"https:\/\/sertv.gob.pa\/crisolfm\/wp-json\/wp\/v2\/users\/64"}],"replies":[{"embeddable":true,"href":"https:\/\/sertv.gob.pa\/crisolfm\/wp-json\/wp\/v2\/comments?post=17777"}],"version-history":[{"count":1,"href":"https:\/\/sertv.gob.pa\/crisolfm\/wp-json\/wp\/v2\/posts\/17777\/revisions"}],"predecessor-version":[{"id":17781,"href":"https:\/\/sertv.gob.pa\/crisolfm\/wp-json\/wp\/v2\/posts\/17777\/revisions\/17781"}],"wp:featuredmedia":[{"embeddable":true,"href":"https:\/\/sertv.gob.pa\/crisolfm\/wp-json\/wp\/v2\/media\/17780"}],"wp:attachment":[{"href":"https:\/\/sertv.gob.pa\/crisolfm\/wp-json\/wp\/v2\/media?parent=17777"}],"wp:term":[{"taxonomy":"category","embeddable":true,"href":"https:\/\/sertv.gob.pa\/crisolfm\/wp-json\/wp\/v2\/categories?post=17777"},{"taxonomy":"post_tag","embeddable":true,"href":"https:\/\/sertv.gob.pa\/crisolfm\/wp-json\/wp\/v2\/tags?post=17777"}],"curies":[{"name":"wp","href":"https:\/\/api.w.org\/{rel}","templated":true}]}}