{"id":17808,"date":"2019-03-06T18:14:02","date_gmt":"2019-03-06T18:14:02","guid":{"rendered":"https:\/\/sertv.gob.pa\/crisolfm\/?p=17808"},"modified":"2019-03-06T18:14:02","modified_gmt":"2019-03-06T18:14:02","slug":"desde-la-otra-semana-comienzan-a-llegar-los-grupos-para-el-fae-19","status":"publish","type":"post","link":"https:\/\/sertv.gob.pa\/crisolfm\/desde-la-otra-semana-comienzan-a-llegar-los-grupos-para-el-fae-19\/","title":{"rendered":"Desde la otra semana comienzan a llegar los grupos para el FAE 19"},"content":{"rendered":"<p>Desde principios de la pr\u00f3xima semana estar\u00e1n llegando a nuestro pa\u00eds las agrupaciones internacionales que participar\u00e1n en el 9\u00b0 FESTIVAL INTERNACIONAL DE ARTES ESC\u00c9NICAS \u2013 PANAM\u00c1 2019, que se iniciar\u00e1 el jueves 14 de marzo y que se extender\u00e1 durante siete d\u00edas, hasta el 20,\u00a0en los que disfrutaremos nuevamente de esta gran fiesta del teatro y la danza del mundo, presentada por la Fundaci\u00f3n FAE y la Alcald\u00eda de Panam\u00e1.<\/p>\n<p>El FAE 19 abrir\u00e1 el jueves 14, en el Teatro Balboa, a las 7:30 p.m. con la presentaci\u00f3n de la compa\u00f1\u00eda Producciones Una hora menos de Espa\u00f1a con la multiaplaudida y elogiada ME LLAMO SULEIMAN, emotiva historia del viaje de un ni\u00f1o africano a Espa\u00f1a como migrante clandestino y sus peripecias.<\/p>\n<p>&nbsp;<\/p>\n","protected":false},"excerpt":{"rendered":"<p>Desde principios de la pr\u00f3xima semana estar\u00e1n llegando a nuestro <a href=\"https:\/\/sertv.gob.pa\/crisolfm\/desde-la-otra-semana-comienzan-a-llegar-los-grupos-para-el-fae-19\/\"> [&#8230;]<\/a><\/p>\n","protected":false},"author":64,"featured_media":17810,"comment_status":"closed","ping_status":"closed","sticky":false,"template":"","format":"standard","meta":{"footnotes":""},"categories":[6],"tags":[],"class_list":["post-17808","post","type-post","status-publish","format-standard","has-post-thumbnail","hentry","category-culturales"],"_links":{"self":[{"href":"https:\/\/sertv.gob.pa\/crisolfm\/wp-json\/wp\/v2\/posts\/17808","targetHints":{"allow":["GET"]}}],"collection":[{"href":"https:\/\/sertv.gob.pa\/crisolfm\/wp-json\/wp\/v2\/posts"}],"about":[{"href":"https:\/\/sertv.gob.pa\/crisolfm\/wp-json\/wp\/v2\/types\/post"}],"author":[{"embeddable":true,"href":"https:\/\/sertv.gob.pa\/crisolfm\/wp-json\/wp\/v2\/users\/64"}],"replies":[{"embeddable":true,"href":"https:\/\/sertv.gob.pa\/crisolfm\/wp-json\/wp\/v2\/comments?post=17808"}],"version-history":[{"count":1,"href":"https:\/\/sertv.gob.pa\/crisolfm\/wp-json\/wp\/v2\/posts\/17808\/revisions"}],"predecessor-version":[{"id":17811,"href":"https:\/\/sertv.gob.pa\/crisolfm\/wp-json\/wp\/v2\/posts\/17808\/revisions\/17811"}],"wp:featuredmedia":[{"embeddable":true,"href":"https:\/\/sertv.gob.pa\/crisolfm\/wp-json\/wp\/v2\/media\/17810"}],"wp:attachment":[{"href":"https:\/\/sertv.gob.pa\/crisolfm\/wp-json\/wp\/v2\/media?parent=17808"}],"wp:term":[{"taxonomy":"category","embeddable":true,"href":"https:\/\/sertv.gob.pa\/crisolfm\/wp-json\/wp\/v2\/categories?post=17808"},{"taxonomy":"post_tag","embeddable":true,"href":"https:\/\/sertv.gob.pa\/crisolfm\/wp-json\/wp\/v2\/tags?post=17808"}],"curies":[{"name":"wp","href":"https:\/\/api.w.org\/{rel}","templated":true}]}}