{"id":17816,"date":"2019-03-06T18:34:06","date_gmt":"2019-03-06T18:34:06","guid":{"rendered":"https:\/\/sertv.gob.pa\/crisolfm\/?p=17816"},"modified":"2019-03-06T18:34:06","modified_gmt":"2019-03-06T18:34:06","slug":"empieza-el-tiempo-de-la-cuaresma","status":"publish","type":"post","link":"https:\/\/sertv.gob.pa\/crisolfm\/empieza-el-tiempo-de-la-cuaresma\/","title":{"rendered":"Empieza el tiempo de la Cuaresma"},"content":{"rendered":"<p>Para dar comienzo a la cuaresma, decenas de feligreses asistieron a la Bas\u00edlica Menor Don Bosco, para celebrar la misa de mi\u00e9rcoles de ceniza. Esta misa fue celebrada por el arzobispo, Jos\u00e9 Domingo Ulloa. Cabe se\u00f1alar que esta eucarist\u00eda se celebra 40 d\u00edas antes del Domingo de Ramos, es decir que es el inicio a la Semana Santa.<\/p>\n<p>Uno de los actos que se realizan en la misa es la imposici\u00f3n de la ceniza, misma que es trazada en la frente en forma de cruz, y significa la representaci\u00f3n de reconocer la propia fragilidad y mortalidad, que necesita ser redimida por la misericordia de Dios.\u00a0 Durante todo el d\u00eda se estar\u00e1 realizando esta celebraci\u00f3n en las distintas parroquias a nivel nacional.<\/p>\n<p>&nbsp;<\/p>\n","protected":false},"excerpt":{"rendered":"<p>Para dar comienzo a la cuaresma, decenas de feligreses asistieron <a href=\"https:\/\/sertv.gob.pa\/crisolfm\/empieza-el-tiempo-de-la-cuaresma\/\"> [&#8230;]<\/a><\/p>\n","protected":false},"author":64,"featured_media":17818,"comment_status":"closed","ping_status":"closed","sticky":false,"template":"","format":"standard","meta":{"footnotes":""},"categories":[6],"tags":[],"class_list":["post-17816","post","type-post","status-publish","format-standard","has-post-thumbnail","hentry","category-culturales"],"_links":{"self":[{"href":"https:\/\/sertv.gob.pa\/crisolfm\/wp-json\/wp\/v2\/posts\/17816","targetHints":{"allow":["GET"]}}],"collection":[{"href":"https:\/\/sertv.gob.pa\/crisolfm\/wp-json\/wp\/v2\/posts"}],"about":[{"href":"https:\/\/sertv.gob.pa\/crisolfm\/wp-json\/wp\/v2\/types\/post"}],"author":[{"embeddable":true,"href":"https:\/\/sertv.gob.pa\/crisolfm\/wp-json\/wp\/v2\/users\/64"}],"replies":[{"embeddable":true,"href":"https:\/\/sertv.gob.pa\/crisolfm\/wp-json\/wp\/v2\/comments?post=17816"}],"version-history":[{"count":1,"href":"https:\/\/sertv.gob.pa\/crisolfm\/wp-json\/wp\/v2\/posts\/17816\/revisions"}],"predecessor-version":[{"id":17819,"href":"https:\/\/sertv.gob.pa\/crisolfm\/wp-json\/wp\/v2\/posts\/17816\/revisions\/17819"}],"wp:featuredmedia":[{"embeddable":true,"href":"https:\/\/sertv.gob.pa\/crisolfm\/wp-json\/wp\/v2\/media\/17818"}],"wp:attachment":[{"href":"https:\/\/sertv.gob.pa\/crisolfm\/wp-json\/wp\/v2\/media?parent=17816"}],"wp:term":[{"taxonomy":"category","embeddable":true,"href":"https:\/\/sertv.gob.pa\/crisolfm\/wp-json\/wp\/v2\/categories?post=17816"},{"taxonomy":"post_tag","embeddable":true,"href":"https:\/\/sertv.gob.pa\/crisolfm\/wp-json\/wp\/v2\/tags?post=17816"}],"curies":[{"name":"wp","href":"https:\/\/api.w.org\/{rel}","templated":true}]}}