{"id":17824,"date":"2019-03-06T18:55:42","date_gmt":"2019-03-06T18:55:42","guid":{"rendered":"https:\/\/sertv.gob.pa\/crisolfm\/?p=17824"},"modified":"2019-03-06T18:55:42","modified_gmt":"2019-03-06T18:55:42","slug":"netflix-hara-una-serie-sobre-el-libro-cien-anos-de-soledad-de-gabriel-garcia-marquez","status":"publish","type":"post","link":"https:\/\/sertv.gob.pa\/crisolfm\/netflix-hara-una-serie-sobre-el-libro-cien-anos-de-soledad-de-gabriel-garcia-marquez\/","title":{"rendered":"Netflix har\u00e1 una serie sobre el libro Cien a\u00f1os de soledad de Gabriel Garc\u00eda M\u00e1rquez"},"content":{"rendered":"<p>Por primera vez en la historia, la obra maestra literaria del ganador del premio Nobel Gabriel Garc\u00eda M\u00e1rquez, Cien a\u00f1os de soledad, llegar\u00e1 a la pantalla como una nueva serie para los miembros de Netflix de todo el mundo.<\/p>\n<p>La plataforma adquiri\u00f3 los derechos para desarrollar la aclamada novela, considerada como una de las obras m\u00e1s significativas del siglo XX, en una nueva serie original en espa\u00f1ol. Cien a\u00f1os de soledad fue publicada por primera vez en 1967 y, desde entonces, ha vendido m\u00e1s de 50 millones de copias y se ha traducido a 46 idiomas en todo el mundo.<\/p>\n<p>Los hijos de Garc\u00eda M\u00e1rquez, Rodrigo Garc\u00eda y Gonzalo Garc\u00eda Barcha, ser\u00e1n productores ejecutivos de la serie, que se filmar\u00e1 principalmente en Colombia.<\/p>\n<p>&nbsp;<\/p>\n<p>&nbsp;<\/p>\n","protected":false},"excerpt":{"rendered":"<p>Por primera vez en la historia, la obra maestra literaria <a href=\"https:\/\/sertv.gob.pa\/crisolfm\/netflix-hara-una-serie-sobre-el-libro-cien-anos-de-soledad-de-gabriel-garcia-marquez\/\"> [&#8230;]<\/a><\/p>\n","protected":false},"author":64,"featured_media":17826,"comment_status":"closed","ping_status":"closed","sticky":false,"template":"","format":"standard","meta":{"footnotes":""},"categories":[6],"tags":[],"class_list":["post-17824","post","type-post","status-publish","format-standard","has-post-thumbnail","hentry","category-culturales"],"_links":{"self":[{"href":"https:\/\/sertv.gob.pa\/crisolfm\/wp-json\/wp\/v2\/posts\/17824","targetHints":{"allow":["GET"]}}],"collection":[{"href":"https:\/\/sertv.gob.pa\/crisolfm\/wp-json\/wp\/v2\/posts"}],"about":[{"href":"https:\/\/sertv.gob.pa\/crisolfm\/wp-json\/wp\/v2\/types\/post"}],"author":[{"embeddable":true,"href":"https:\/\/sertv.gob.pa\/crisolfm\/wp-json\/wp\/v2\/users\/64"}],"replies":[{"embeddable":true,"href":"https:\/\/sertv.gob.pa\/crisolfm\/wp-json\/wp\/v2\/comments?post=17824"}],"version-history":[{"count":1,"href":"https:\/\/sertv.gob.pa\/crisolfm\/wp-json\/wp\/v2\/posts\/17824\/revisions"}],"predecessor-version":[{"id":17827,"href":"https:\/\/sertv.gob.pa\/crisolfm\/wp-json\/wp\/v2\/posts\/17824\/revisions\/17827"}],"wp:featuredmedia":[{"embeddable":true,"href":"https:\/\/sertv.gob.pa\/crisolfm\/wp-json\/wp\/v2\/media\/17826"}],"wp:attachment":[{"href":"https:\/\/sertv.gob.pa\/crisolfm\/wp-json\/wp\/v2\/media?parent=17824"}],"wp:term":[{"taxonomy":"category","embeddable":true,"href":"https:\/\/sertv.gob.pa\/crisolfm\/wp-json\/wp\/v2\/categories?post=17824"},{"taxonomy":"post_tag","embeddable":true,"href":"https:\/\/sertv.gob.pa\/crisolfm\/wp-json\/wp\/v2\/tags?post=17824"}],"curies":[{"name":"wp","href":"https:\/\/api.w.org\/{rel}","templated":true}]}}