{"id":17848,"date":"2019-03-07T12:27:37","date_gmt":"2019-03-07T12:27:37","guid":{"rendered":"https:\/\/sertv.gob.pa\/crisolfm\/?p=17848"},"modified":"2019-03-07T12:27:37","modified_gmt":"2019-03-07T12:27:37","slug":"en-el-carnaval-de-rio-estacio-de-sa-con-tema-de-panama-gana-campeonato-de-la-serie-a","status":"publish","type":"post","link":"https:\/\/sertv.gob.pa\/crisolfm\/en-el-carnaval-de-rio-estacio-de-sa-con-tema-de-panama-gana-campeonato-de-la-serie-a\/","title":{"rendered":"En el carnaval de R\u00edo Est\u00e1cio de S\u00e1 con tema de Panam\u00e1 gana campeonato de la serie A"},"content":{"rendered":"<p>La escuela de samba Est\u00e1cio de S\u00e1, que desfil\u00f3 el pasado s\u00e1bado en el Samb\u00f3dromo de R\u00edo de Janeiro con un tema en honor al Cristo Negro de Portobelo y Panam\u00e1, result\u00f3 la campeona de la serie A del Carnaval brasile\u00f1o 2019. Pero su m\u00e1ximo logro luego de este reconocimiento es que el pr\u00f3ximo a\u00f1o regresar\u00e1 al grupo especial, tras permanecer 3 a\u00f1os fuera del mismo. En este grupo est\u00e1n las mejores escuelas de samba del pa\u00eds sudamericano. Con el tema &#8216;La fe que emerge de las aguas&#8217; los integrantes, de la primera escuela de samba reconocida en Brasil, recorrieron los 700 metros del samb\u00f3dromo, donde miles de personas bailaron y gozaron al ritmo de su bater\u00eda.<\/p>\n<p>La cantante paname\u00f1a Erika Ender, una de las invitadas de Est\u00e1cio de S\u00e1 para participar del desfile en el samb\u00f3dromo, dio a conocer el triunfo en su cuenta de Instagram. Otros de los paname\u00f1os que asistieron a R\u00edo de Janeiro fueron el futbolista Blas P\u00e9rez; Rosa Montezuma, se\u00f1orita Panam\u00e1 para Miss Universo, la cantante Margarita Henr\u00edquez; el grupo Afrodis\u00edaco y los actores y presentadores \u00d3scar D\u00edaz (One Two) y Ludwik Tapia.<\/p>\n<p>&nbsp;<\/p>\n<p>&nbsp;<\/p>\n<p>&nbsp;<\/p>\n<p>&nbsp;<\/p>\n<p>&nbsp;<\/p>\n","protected":false},"excerpt":{"rendered":"<p>La escuela de samba Est\u00e1cio de S\u00e1, que desfil\u00f3 el <a href=\"https:\/\/sertv.gob.pa\/crisolfm\/en-el-carnaval-de-rio-estacio-de-sa-con-tema-de-panama-gana-campeonato-de-la-serie-a\/\"> [&#8230;]<\/a><\/p>\n","protected":false},"author":64,"featured_media":17850,"comment_status":"closed","ping_status":"closed","sticky":false,"template":"","format":"standard","meta":{"footnotes":""},"categories":[6],"tags":[],"class_list":["post-17848","post","type-post","status-publish","format-standard","has-post-thumbnail","hentry","category-culturales"],"_links":{"self":[{"href":"https:\/\/sertv.gob.pa\/crisolfm\/wp-json\/wp\/v2\/posts\/17848","targetHints":{"allow":["GET"]}}],"collection":[{"href":"https:\/\/sertv.gob.pa\/crisolfm\/wp-json\/wp\/v2\/posts"}],"about":[{"href":"https:\/\/sertv.gob.pa\/crisolfm\/wp-json\/wp\/v2\/types\/post"}],"author":[{"embeddable":true,"href":"https:\/\/sertv.gob.pa\/crisolfm\/wp-json\/wp\/v2\/users\/64"}],"replies":[{"embeddable":true,"href":"https:\/\/sertv.gob.pa\/crisolfm\/wp-json\/wp\/v2\/comments?post=17848"}],"version-history":[{"count":1,"href":"https:\/\/sertv.gob.pa\/crisolfm\/wp-json\/wp\/v2\/posts\/17848\/revisions"}],"predecessor-version":[{"id":17851,"href":"https:\/\/sertv.gob.pa\/crisolfm\/wp-json\/wp\/v2\/posts\/17848\/revisions\/17851"}],"wp:featuredmedia":[{"embeddable":true,"href":"https:\/\/sertv.gob.pa\/crisolfm\/wp-json\/wp\/v2\/media\/17850"}],"wp:attachment":[{"href":"https:\/\/sertv.gob.pa\/crisolfm\/wp-json\/wp\/v2\/media?parent=17848"}],"wp:term":[{"taxonomy":"category","embeddable":true,"href":"https:\/\/sertv.gob.pa\/crisolfm\/wp-json\/wp\/v2\/categories?post=17848"},{"taxonomy":"post_tag","embeddable":true,"href":"https:\/\/sertv.gob.pa\/crisolfm\/wp-json\/wp\/v2\/tags?post=17848"}],"curies":[{"name":"wp","href":"https:\/\/api.w.org\/{rel}","templated":true}]}}