{"id":17852,"date":"2019-03-07T12:45:45","date_gmt":"2019-03-07T12:45:45","guid":{"rendered":"https:\/\/sertv.gob.pa\/crisolfm\/?p=17852"},"modified":"2019-03-07T12:45:45","modified_gmt":"2019-03-07T12:45:45","slug":"aquellos-dos-se-presentara-en-el-teatro-anita-villalaz","status":"publish","type":"post","link":"https:\/\/sertv.gob.pa\/crisolfm\/aquellos-dos-se-presentara-en-el-teatro-anita-villalaz\/","title":{"rendered":"\u201cAquellos dos\u201d se presentar\u00e1 en el teatro Anita Villalaz"},"content":{"rendered":"<p>Durante el noveno Festival Internacional de Artes Esc\u00e9nicas (FAE 2019) se recrear\u00e1 la pieza teatral \u201cAquellos dos\u201d, basada en el cuento hom\u00f3nimo del escritor brasile\u00f1o Caio Fernando Abreu (1948-1996). La puesta en escena ser\u00e1 en el teatro Anita Villalaz, el viernes 15 de marzo, a las 7:30 p.m.<\/p>\n<p>\u201cAquellos dos\u201d trata sobre la rutina en un ministerio, met\u00e1fora para cualquier ambiente inh\u00f3spito y burocr\u00e1tico de trabajo y se revela el desarrollo de lazos de complicidad entre dos de sus nuevos funcionarios, Ra\u00fal y Sa\u00fal.<\/p>\n<p>&nbsp;<\/p>\n","protected":false},"excerpt":{"rendered":"<p>Durante el noveno Festival Internacional de Artes Esc\u00e9nicas (FAE 2019) <a href=\"https:\/\/sertv.gob.pa\/crisolfm\/aquellos-dos-se-presentara-en-el-teatro-anita-villalaz\/\"> [&#8230;]<\/a><\/p>\n","protected":false},"author":64,"featured_media":17854,"comment_status":"closed","ping_status":"closed","sticky":false,"template":"","format":"standard","meta":{"footnotes":""},"categories":[6],"tags":[],"class_list":["post-17852","post","type-post","status-publish","format-standard","has-post-thumbnail","hentry","category-culturales"],"_links":{"self":[{"href":"https:\/\/sertv.gob.pa\/crisolfm\/wp-json\/wp\/v2\/posts\/17852","targetHints":{"allow":["GET"]}}],"collection":[{"href":"https:\/\/sertv.gob.pa\/crisolfm\/wp-json\/wp\/v2\/posts"}],"about":[{"href":"https:\/\/sertv.gob.pa\/crisolfm\/wp-json\/wp\/v2\/types\/post"}],"author":[{"embeddable":true,"href":"https:\/\/sertv.gob.pa\/crisolfm\/wp-json\/wp\/v2\/users\/64"}],"replies":[{"embeddable":true,"href":"https:\/\/sertv.gob.pa\/crisolfm\/wp-json\/wp\/v2\/comments?post=17852"}],"version-history":[{"count":1,"href":"https:\/\/sertv.gob.pa\/crisolfm\/wp-json\/wp\/v2\/posts\/17852\/revisions"}],"predecessor-version":[{"id":17855,"href":"https:\/\/sertv.gob.pa\/crisolfm\/wp-json\/wp\/v2\/posts\/17852\/revisions\/17855"}],"wp:featuredmedia":[{"embeddable":true,"href":"https:\/\/sertv.gob.pa\/crisolfm\/wp-json\/wp\/v2\/media\/17854"}],"wp:attachment":[{"href":"https:\/\/sertv.gob.pa\/crisolfm\/wp-json\/wp\/v2\/media?parent=17852"}],"wp:term":[{"taxonomy":"category","embeddable":true,"href":"https:\/\/sertv.gob.pa\/crisolfm\/wp-json\/wp\/v2\/categories?post=17852"},{"taxonomy":"post_tag","embeddable":true,"href":"https:\/\/sertv.gob.pa\/crisolfm\/wp-json\/wp\/v2\/tags?post=17852"}],"curies":[{"name":"wp","href":"https:\/\/api.w.org\/{rel}","templated":true}]}}