{"id":17909,"date":"2019-03-08T13:36:47","date_gmt":"2019-03-08T13:36:47","guid":{"rendered":"https:\/\/sertv.gob.pa\/crisolfm\/?p=17909"},"modified":"2019-03-08T13:36:47","modified_gmt":"2019-03-08T13:36:47","slug":"divas-del-mundo-concierto-en-conmemoracion-al-dia-internacional-de-mujer-en-atlapa","status":"publish","type":"post","link":"https:\/\/sertv.gob.pa\/crisolfm\/divas-del-mundo-concierto-en-conmemoracion-al-dia-internacional-de-mujer-en-atlapa\/","title":{"rendered":"\u00abDivas del Mundo\u00bb, concierto en conmemoraci\u00f3n al d\u00eda internacional de mujer en Atlapa"},"content":{"rendered":"<p>En marco al d\u00eda internacional de la mujer, este viernes 8 de marzo se llevar\u00e1 a cabo el concierto de \u00abDivas del Mundo\u00bb en el Teatro Anayansi, del Centro de Convenciones Atlapa. Las puertas estar\u00e1n abiertas desde las 7:00 p.m y la entrada es gratuita.<\/p>\n<p>La actividad re\u00fane 3 grandes voces del continente americano, que destacan por su musicalidad, talento y originalidad. Son ellas: la reconocida cantante haitiana y embajadora de Cruz Roja,\u00a0Emeline Michel; la cantautora mexicana, Lila Downs, quien adem\u00e1s es\u00a0productora, actriz, antrop\u00f3loga\u00a0y ganadora del Premio Grammy Latino; y representando a nuestro pa\u00eds, tenemos a la multi-instrumentista, compositora, arreglista e investigadora musical paname\u00f1a Patricia Vlieg.<\/p>\n<p>&nbsp;<\/p>\n","protected":false},"excerpt":{"rendered":"<p>En marco al d\u00eda internacional de la mujer, este viernes <a href=\"https:\/\/sertv.gob.pa\/crisolfm\/divas-del-mundo-concierto-en-conmemoracion-al-dia-internacional-de-mujer-en-atlapa\/\"> [&#8230;]<\/a><\/p>\n","protected":false},"author":64,"featured_media":17911,"comment_status":"closed","ping_status":"closed","sticky":false,"template":"","format":"standard","meta":{"footnotes":""},"categories":[6],"tags":[],"class_list":["post-17909","post","type-post","status-publish","format-standard","has-post-thumbnail","hentry","category-culturales"],"_links":{"self":[{"href":"https:\/\/sertv.gob.pa\/crisolfm\/wp-json\/wp\/v2\/posts\/17909","targetHints":{"allow":["GET"]}}],"collection":[{"href":"https:\/\/sertv.gob.pa\/crisolfm\/wp-json\/wp\/v2\/posts"}],"about":[{"href":"https:\/\/sertv.gob.pa\/crisolfm\/wp-json\/wp\/v2\/types\/post"}],"author":[{"embeddable":true,"href":"https:\/\/sertv.gob.pa\/crisolfm\/wp-json\/wp\/v2\/users\/64"}],"replies":[{"embeddable":true,"href":"https:\/\/sertv.gob.pa\/crisolfm\/wp-json\/wp\/v2\/comments?post=17909"}],"version-history":[{"count":1,"href":"https:\/\/sertv.gob.pa\/crisolfm\/wp-json\/wp\/v2\/posts\/17909\/revisions"}],"predecessor-version":[{"id":17912,"href":"https:\/\/sertv.gob.pa\/crisolfm\/wp-json\/wp\/v2\/posts\/17909\/revisions\/17912"}],"wp:featuredmedia":[{"embeddable":true,"href":"https:\/\/sertv.gob.pa\/crisolfm\/wp-json\/wp\/v2\/media\/17911"}],"wp:attachment":[{"href":"https:\/\/sertv.gob.pa\/crisolfm\/wp-json\/wp\/v2\/media?parent=17909"}],"wp:term":[{"taxonomy":"category","embeddable":true,"href":"https:\/\/sertv.gob.pa\/crisolfm\/wp-json\/wp\/v2\/categories?post=17909"},{"taxonomy":"post_tag","embeddable":true,"href":"https:\/\/sertv.gob.pa\/crisolfm\/wp-json\/wp\/v2\/tags?post=17909"}],"curies":[{"name":"wp","href":"https:\/\/api.w.org\/{rel}","templated":true}]}}