{"id":17913,"date":"2019-03-08T14:05:44","date_gmt":"2019-03-08T14:05:44","guid":{"rendered":"https:\/\/sertv.gob.pa\/crisolfm\/?p=17913"},"modified":"2019-03-08T14:05:44","modified_gmt":"2019-03-08T14:05:44","slug":"la-preparacion-para-la-semana-mayor","status":"publish","type":"post","link":"https:\/\/sertv.gob.pa\/crisolfm\/la-preparacion-para-la-semana-mayor\/","title":{"rendered":"La preparaci\u00f3n para la Semana Mayor"},"content":{"rendered":"<p>D\u00edas de reflexi\u00f3n y de recordaci\u00f3n de la pasi\u00f3n, muerte y resurrecci\u00f3n de Jesucristo, dan comienzo a la Cuaresma en todo el mundo. El sacerdote Marlo Verar, de la iglesia Nuestra Se\u00f1ora de la Esperanza, manifest\u00f3 que el viacrucis es una pr\u00e1ctica muy antigua de la iglesia cat\u00f3lica, que consiste en recordar la vida dolorosa de Jes\u00fas desde que fue condenado, hasta su muerte. A trav\u00e9s de las figuras representativas que tienen los templos se recuerda el amor del Padre por la humanidad.<\/p>\n<p>\u201cLo m\u00e1s importante es recordar la expresi\u00f3n del amor de Jes\u00fas\u201d, expres\u00f3. Cada viernes, empezando desde hoy, se realizar\u00e1 en las iglesias cat\u00f3licas el V\u00eda Crucis, pr\u00e1ctica que rememora el camino de Jes\u00fas hacia la crucifixi\u00f3n. Verar recomienda que durante este recorrido por las estaciones de los templos se medite la pasi\u00f3n de Cristo.<\/p>\n<p>&nbsp;<\/p>\n<p>&nbsp;<\/p>\n","protected":false},"excerpt":{"rendered":"<p>D\u00edas de reflexi\u00f3n y de recordaci\u00f3n de la pasi\u00f3n, muerte <a href=\"https:\/\/sertv.gob.pa\/crisolfm\/la-preparacion-para-la-semana-mayor\/\"> [&#8230;]<\/a><\/p>\n","protected":false},"author":64,"featured_media":17915,"comment_status":"closed","ping_status":"closed","sticky":false,"template":"","format":"standard","meta":{"footnotes":""},"categories":[6],"tags":[],"class_list":["post-17913","post","type-post","status-publish","format-standard","has-post-thumbnail","hentry","category-culturales"],"_links":{"self":[{"href":"https:\/\/sertv.gob.pa\/crisolfm\/wp-json\/wp\/v2\/posts\/17913","targetHints":{"allow":["GET"]}}],"collection":[{"href":"https:\/\/sertv.gob.pa\/crisolfm\/wp-json\/wp\/v2\/posts"}],"about":[{"href":"https:\/\/sertv.gob.pa\/crisolfm\/wp-json\/wp\/v2\/types\/post"}],"author":[{"embeddable":true,"href":"https:\/\/sertv.gob.pa\/crisolfm\/wp-json\/wp\/v2\/users\/64"}],"replies":[{"embeddable":true,"href":"https:\/\/sertv.gob.pa\/crisolfm\/wp-json\/wp\/v2\/comments?post=17913"}],"version-history":[{"count":1,"href":"https:\/\/sertv.gob.pa\/crisolfm\/wp-json\/wp\/v2\/posts\/17913\/revisions"}],"predecessor-version":[{"id":17916,"href":"https:\/\/sertv.gob.pa\/crisolfm\/wp-json\/wp\/v2\/posts\/17913\/revisions\/17916"}],"wp:featuredmedia":[{"embeddable":true,"href":"https:\/\/sertv.gob.pa\/crisolfm\/wp-json\/wp\/v2\/media\/17915"}],"wp:attachment":[{"href":"https:\/\/sertv.gob.pa\/crisolfm\/wp-json\/wp\/v2\/media?parent=17913"}],"wp:term":[{"taxonomy":"category","embeddable":true,"href":"https:\/\/sertv.gob.pa\/crisolfm\/wp-json\/wp\/v2\/categories?post=17913"},{"taxonomy":"post_tag","embeddable":true,"href":"https:\/\/sertv.gob.pa\/crisolfm\/wp-json\/wp\/v2\/tags?post=17913"}],"curies":[{"name":"wp","href":"https:\/\/api.w.org\/{rel}","templated":true}]}}