{"id":17950,"date":"2019-03-08T19:02:12","date_gmt":"2019-03-08T19:02:12","guid":{"rendered":"https:\/\/sertv.gob.pa\/crisolfm\/?p=17950"},"modified":"2019-03-08T19:02:12","modified_gmt":"2019-03-08T19:02:12","slug":"los-simpson-retira-emblematico-episodio-de-michael-jackson","status":"publish","type":"post","link":"https:\/\/sertv.gob.pa\/crisolfm\/los-simpson-retira-emblematico-episodio-de-michael-jackson\/","title":{"rendered":"\u201cLos Simpson\u201d retira emblem\u00e1tico episodio de Michael Jackson"},"content":{"rendered":"<p>Los productores de Los Simpson est\u00e1n retirando un episodio cl\u00e1sico que inclu\u00eda la voz de Michael Jackson. El productor ejecutivo James L. Brooks dijo al Wall Street Journal este jueves 7 de marzo que \u201cclaramente sentimos que era la \u00fanica opci\u00f3n\u201d. Dijo que los coproductores ejecutivos Matt Groening y Al Jean \u201copinan lo mismo\u201d.<\/p>\n<p>La decisi\u00f3n fue tomada luego que HBO transmiti\u00f3 el documental Leaving Neverland, en el que dos hombres alegan que Jackson abus\u00f3 sexualmente de ellos cuando eran ni\u00f1os. La familia de Jackson ha criticado el documental y est\u00e1 demandando al canal de cable. En el cap\u00edtulo de Los Simpson de 1991 Stark Raving Dad, Jackson hizo la voz de un personaje que alega ser Michael Jackson y que conoce a Homero Simpson en un hospital psiqui\u00e1trico. El cantante aparece en los cr\u00e9ditos como John Jay Smith. El episodio ser\u00e1 retirado de servicios de streaming y futuros DVD del programa.<\/p>\n<p>AP<\/p>\n","protected":false},"excerpt":{"rendered":"<p>Los productores de Los Simpson est\u00e1n retirando un episodio cl\u00e1sico <a href=\"https:\/\/sertv.gob.pa\/crisolfm\/los-simpson-retira-emblematico-episodio-de-michael-jackson\/\"> [&#8230;]<\/a><\/p>\n","protected":false},"author":64,"featured_media":17952,"comment_status":"closed","ping_status":"closed","sticky":false,"template":"","format":"standard","meta":{"footnotes":""},"categories":[6],"tags":[],"class_list":["post-17950","post","type-post","status-publish","format-standard","has-post-thumbnail","hentry","category-culturales"],"_links":{"self":[{"href":"https:\/\/sertv.gob.pa\/crisolfm\/wp-json\/wp\/v2\/posts\/17950","targetHints":{"allow":["GET"]}}],"collection":[{"href":"https:\/\/sertv.gob.pa\/crisolfm\/wp-json\/wp\/v2\/posts"}],"about":[{"href":"https:\/\/sertv.gob.pa\/crisolfm\/wp-json\/wp\/v2\/types\/post"}],"author":[{"embeddable":true,"href":"https:\/\/sertv.gob.pa\/crisolfm\/wp-json\/wp\/v2\/users\/64"}],"replies":[{"embeddable":true,"href":"https:\/\/sertv.gob.pa\/crisolfm\/wp-json\/wp\/v2\/comments?post=17950"}],"version-history":[{"count":1,"href":"https:\/\/sertv.gob.pa\/crisolfm\/wp-json\/wp\/v2\/posts\/17950\/revisions"}],"predecessor-version":[{"id":17953,"href":"https:\/\/sertv.gob.pa\/crisolfm\/wp-json\/wp\/v2\/posts\/17950\/revisions\/17953"}],"wp:featuredmedia":[{"embeddable":true,"href":"https:\/\/sertv.gob.pa\/crisolfm\/wp-json\/wp\/v2\/media\/17952"}],"wp:attachment":[{"href":"https:\/\/sertv.gob.pa\/crisolfm\/wp-json\/wp\/v2\/media?parent=17950"}],"wp:term":[{"taxonomy":"category","embeddable":true,"href":"https:\/\/sertv.gob.pa\/crisolfm\/wp-json\/wp\/v2\/categories?post=17950"},{"taxonomy":"post_tag","embeddable":true,"href":"https:\/\/sertv.gob.pa\/crisolfm\/wp-json\/wp\/v2\/tags?post=17950"}],"curies":[{"name":"wp","href":"https:\/\/api.w.org\/{rel}","templated":true}]}}