{"id":17954,"date":"2019-03-11T13:28:25","date_gmt":"2019-03-11T13:28:25","guid":{"rendered":"https:\/\/sertv.gob.pa\/crisolfm\/?p=17954"},"modified":"2019-03-11T13:28:25","modified_gmt":"2019-03-11T13:28:25","slug":"panama-cello-fest-2019-del-12-al-16-de-marzo","status":"publish","type":"post","link":"https:\/\/sertv.gob.pa\/crisolfm\/panama-cello-fest-2019-del-12-al-16-de-marzo\/","title":{"rendered":"Panam\u00e1 Cello Fest 2019 del 12 al 16 de marzo"},"content":{"rendered":"<p>La II versi\u00f3n del festival de Violonchelo de Panam\u00e1, mejor conocido como Panam\u00e1 Cello Fest 2019, ser\u00e1 del 12 al 16 de marzo de 2019. Clases maestras, talleres (t\u00e9cnica de ense\u00f1anza y m\u00fasica de c\u00e1mara), ensamble de violonchelos, conciertos y recitales de estudiantes y\/o profesores son sus algunas de sus actividades.<\/p>\n<p>El evento es organizado por la Facultad de Bellas Artes de la Universidad de Panam\u00e1 junto a la fundaci\u00f3n de Sinfon\u00eda Concertante de Panam\u00e1 (Funsincopa). Entre la lista de los invitados internacionales se hallan: Chiao-Hsuan Kang, de Taiw\u00e1n; Gina Choe y Taiko Pelick, de Estados Unidos; Lucreacia Basad\u00faa, de Uruguay; e Isaac Casal, de Panam\u00e1.<\/p>\n<p>&nbsp;<\/p>\n<p>&nbsp;<\/p>\n","protected":false},"excerpt":{"rendered":"<p>La II versi\u00f3n del festival de Violonchelo de Panam\u00e1, mejor <a href=\"https:\/\/sertv.gob.pa\/crisolfm\/panama-cello-fest-2019-del-12-al-16-de-marzo\/\"> [&#8230;]<\/a><\/p>\n","protected":false},"author":64,"featured_media":17956,"comment_status":"closed","ping_status":"closed","sticky":false,"template":"","format":"standard","meta":{"footnotes":""},"categories":[6],"tags":[],"class_list":["post-17954","post","type-post","status-publish","format-standard","has-post-thumbnail","hentry","category-culturales"],"_links":{"self":[{"href":"https:\/\/sertv.gob.pa\/crisolfm\/wp-json\/wp\/v2\/posts\/17954","targetHints":{"allow":["GET"]}}],"collection":[{"href":"https:\/\/sertv.gob.pa\/crisolfm\/wp-json\/wp\/v2\/posts"}],"about":[{"href":"https:\/\/sertv.gob.pa\/crisolfm\/wp-json\/wp\/v2\/types\/post"}],"author":[{"embeddable":true,"href":"https:\/\/sertv.gob.pa\/crisolfm\/wp-json\/wp\/v2\/users\/64"}],"replies":[{"embeddable":true,"href":"https:\/\/sertv.gob.pa\/crisolfm\/wp-json\/wp\/v2\/comments?post=17954"}],"version-history":[{"count":1,"href":"https:\/\/sertv.gob.pa\/crisolfm\/wp-json\/wp\/v2\/posts\/17954\/revisions"}],"predecessor-version":[{"id":17957,"href":"https:\/\/sertv.gob.pa\/crisolfm\/wp-json\/wp\/v2\/posts\/17954\/revisions\/17957"}],"wp:featuredmedia":[{"embeddable":true,"href":"https:\/\/sertv.gob.pa\/crisolfm\/wp-json\/wp\/v2\/media\/17956"}],"wp:attachment":[{"href":"https:\/\/sertv.gob.pa\/crisolfm\/wp-json\/wp\/v2\/media?parent=17954"}],"wp:term":[{"taxonomy":"category","embeddable":true,"href":"https:\/\/sertv.gob.pa\/crisolfm\/wp-json\/wp\/v2\/categories?post=17954"},{"taxonomy":"post_tag","embeddable":true,"href":"https:\/\/sertv.gob.pa\/crisolfm\/wp-json\/wp\/v2\/tags?post=17954"}],"curies":[{"name":"wp","href":"https:\/\/api.w.org\/{rel}","templated":true}]}}