{"id":17958,"date":"2019-03-11T13:35:00","date_gmt":"2019-03-11T13:35:00","guid":{"rendered":"https:\/\/sertv.gob.pa\/crisolfm\/?p=17958"},"modified":"2019-03-11T13:35:00","modified_gmt":"2019-03-11T13:35:00","slug":"el-libro-hombre-de-la-luna-sera-presentado-en-biblioteca-interamericana-simon-bolivar","status":"publish","type":"post","link":"https:\/\/sertv.gob.pa\/crisolfm\/el-libro-hombre-de-la-luna-sera-presentado-en-biblioteca-interamericana-simon-bolivar\/","title":{"rendered":"El libro \u201cHombre de la Luna\u201d ser\u00e1 presentado en Biblioteca Interamericana Sim\u00f3n Bol\u00edvar"},"content":{"rendered":"<p>Este viernes 15 de marzo ser\u00e1 presentado en la Biblioteca Interamericana Sim\u00f3n Bol\u00edvar, de la Universidad de Panam\u00e1, el libro \u201cHombre en la luna\u201d del poeta colonense Benjam\u00edn Ram\u00f3n. Se trata de una antolog\u00eda personal \u2014poes\u00eda y cuento\u2014 que incluye, adem\u00e1s, varios textos in\u00e9ditos del escritor. La presentaci\u00f3n de este ejemplar estar\u00e1 a cargo de la profesora y escritora Yolanda Hackshaw que, adem\u00e1s de dar sus apreciaciones sobre este trabajo que recoge m\u00e1s de medio siglo de producci\u00f3n literaria de Benjam\u00edn Ram\u00f3n, conversar\u00e1 con su autor.<\/p>\n<p>El escritor, Jos\u00e9 Luis Rodr\u00edguez Pitt\u00ed, quien tuvo la oportunidad de leer Hombre en la luna, resalta que se trata de un libro importante, \u2018pues contiene lo mejor de Benjam\u00edn Ram\u00f3n, que hizo con lo breve, la sencillez aparente y los juegos con el lenguaje una marca en la literatura paname\u00f1a&#8217;, relata. La pieza desmenuza una selecci\u00f3n efectuada por el propio autor entre una obra abundante, que inicia a mediados de la d\u00e9cada de los sesenta, con el libro de cuentos Cundeamor (1966), y que en esta tercera d\u00e9cada del siglo XXI sigue activa y vigente, como puede confirmarse en poemarios recientes como Otro territorio (2007) y Poemas naranja (2014).<\/p>\n<p>&nbsp;<\/p>\n","protected":false},"excerpt":{"rendered":"<p>Este viernes 15 de marzo ser\u00e1 presentado en la Biblioteca <a href=\"https:\/\/sertv.gob.pa\/crisolfm\/el-libro-hombre-de-la-luna-sera-presentado-en-biblioteca-interamericana-simon-bolivar\/\"> [&#8230;]<\/a><\/p>\n","protected":false},"author":64,"featured_media":17960,"comment_status":"closed","ping_status":"closed","sticky":false,"template":"","format":"standard","meta":{"footnotes":""},"categories":[6],"tags":[],"class_list":["post-17958","post","type-post","status-publish","format-standard","has-post-thumbnail","hentry","category-culturales"],"_links":{"self":[{"href":"https:\/\/sertv.gob.pa\/crisolfm\/wp-json\/wp\/v2\/posts\/17958","targetHints":{"allow":["GET"]}}],"collection":[{"href":"https:\/\/sertv.gob.pa\/crisolfm\/wp-json\/wp\/v2\/posts"}],"about":[{"href":"https:\/\/sertv.gob.pa\/crisolfm\/wp-json\/wp\/v2\/types\/post"}],"author":[{"embeddable":true,"href":"https:\/\/sertv.gob.pa\/crisolfm\/wp-json\/wp\/v2\/users\/64"}],"replies":[{"embeddable":true,"href":"https:\/\/sertv.gob.pa\/crisolfm\/wp-json\/wp\/v2\/comments?post=17958"}],"version-history":[{"count":1,"href":"https:\/\/sertv.gob.pa\/crisolfm\/wp-json\/wp\/v2\/posts\/17958\/revisions"}],"predecessor-version":[{"id":17961,"href":"https:\/\/sertv.gob.pa\/crisolfm\/wp-json\/wp\/v2\/posts\/17958\/revisions\/17961"}],"wp:featuredmedia":[{"embeddable":true,"href":"https:\/\/sertv.gob.pa\/crisolfm\/wp-json\/wp\/v2\/media\/17960"}],"wp:attachment":[{"href":"https:\/\/sertv.gob.pa\/crisolfm\/wp-json\/wp\/v2\/media?parent=17958"}],"wp:term":[{"taxonomy":"category","embeddable":true,"href":"https:\/\/sertv.gob.pa\/crisolfm\/wp-json\/wp\/v2\/categories?post=17958"},{"taxonomy":"post_tag","embeddable":true,"href":"https:\/\/sertv.gob.pa\/crisolfm\/wp-json\/wp\/v2\/tags?post=17958"}],"curies":[{"name":"wp","href":"https:\/\/api.w.org\/{rel}","templated":true}]}}