{"id":17990,"date":"2019-03-11T15:38:48","date_gmt":"2019-03-11T15:38:48","guid":{"rendered":"https:\/\/sertv.gob.pa\/crisolfm\/?p=17990"},"modified":"2019-03-11T15:38:48","modified_gmt":"2019-03-11T15:38:48","slug":"inauguran-centro-de-formacion-integral-bilingue-de-azuero-papa-francisco","status":"publish","type":"post","link":"https:\/\/sertv.gob.pa\/crisolfm\/inauguran-centro-de-formacion-integral-bilingue-de-azuero-papa-francisco\/","title":{"rendered":"Inauguran Centro de Formaci\u00f3n Integral Biling\u00fce de Azuero Papa Francisco"},"content":{"rendered":"<p>El presidente de la Rep\u00fablica, Juan Carlos Varela, junto al ministro de Educaci\u00f3n, Ricardo Pinz\u00f3n, inaugur\u00f3 este lunes el Centro de Formaci\u00f3n Integral Biling\u00fce de Azuero Papa Francisco. Esta nueva instituci\u00f3n educativa, ubicada en el corregimiento cabecera de Chitr\u00e9, se estableci\u00f3 a trav\u00e9s del Decreto Ejecutivo 21 de 12 febrero de 2019; demand\u00f3 una inversi\u00f3n de 21 millones de d\u00f3lares y beneficiar\u00e1 a 1,031 estudiantes.<\/p>\n<p>Al inaugurar este centro educativo, el presidente Varela expres\u00f3 que este plantel contar\u00e1 con una jornada extendida en la que los estudiantes ser\u00e1n atendidos por docentes preparados en otros pa\u00edses, y en universidades de Panam\u00e1.\u00a0\u00a0 \u00abCon el idioma ingl\u00e9s, Panam\u00e1 se comunica con el mundo, de all\u00ed que la educaci\u00f3n aqu\u00ed ser\u00e1 de vital importancia\u00bb, asegur\u00f3 el mandatario.<\/p>\n<p>En este centro impartir\u00e1n clases 32 docentes que se capacitaron en el exterior gracias al programa Panam\u00e1 Biling\u00fce.<\/p>\n<p>&nbsp;<\/p>\n","protected":false},"excerpt":{"rendered":"<p>El presidente de la Rep\u00fablica, Juan Carlos Varela, junto al <a href=\"https:\/\/sertv.gob.pa\/crisolfm\/inauguran-centro-de-formacion-integral-bilingue-de-azuero-papa-francisco\/\"> [&#8230;]<\/a><\/p>\n","protected":false},"author":64,"featured_media":17993,"comment_status":"closed","ping_status":"closed","sticky":false,"template":"","format":"standard","meta":{"footnotes":""},"categories":[6],"tags":[],"class_list":["post-17990","post","type-post","status-publish","format-standard","has-post-thumbnail","hentry","category-culturales"],"_links":{"self":[{"href":"https:\/\/sertv.gob.pa\/crisolfm\/wp-json\/wp\/v2\/posts\/17990","targetHints":{"allow":["GET"]}}],"collection":[{"href":"https:\/\/sertv.gob.pa\/crisolfm\/wp-json\/wp\/v2\/posts"}],"about":[{"href":"https:\/\/sertv.gob.pa\/crisolfm\/wp-json\/wp\/v2\/types\/post"}],"author":[{"embeddable":true,"href":"https:\/\/sertv.gob.pa\/crisolfm\/wp-json\/wp\/v2\/users\/64"}],"replies":[{"embeddable":true,"href":"https:\/\/sertv.gob.pa\/crisolfm\/wp-json\/wp\/v2\/comments?post=17990"}],"version-history":[{"count":1,"href":"https:\/\/sertv.gob.pa\/crisolfm\/wp-json\/wp\/v2\/posts\/17990\/revisions"}],"predecessor-version":[{"id":17994,"href":"https:\/\/sertv.gob.pa\/crisolfm\/wp-json\/wp\/v2\/posts\/17990\/revisions\/17994"}],"wp:featuredmedia":[{"embeddable":true,"href":"https:\/\/sertv.gob.pa\/crisolfm\/wp-json\/wp\/v2\/media\/17993"}],"wp:attachment":[{"href":"https:\/\/sertv.gob.pa\/crisolfm\/wp-json\/wp\/v2\/media?parent=17990"}],"wp:term":[{"taxonomy":"category","embeddable":true,"href":"https:\/\/sertv.gob.pa\/crisolfm\/wp-json\/wp\/v2\/categories?post=17990"},{"taxonomy":"post_tag","embeddable":true,"href":"https:\/\/sertv.gob.pa\/crisolfm\/wp-json\/wp\/v2\/tags?post=17990"}],"curies":[{"name":"wp","href":"https:\/\/api.w.org\/{rel}","templated":true}]}}