{"id":18011,"date":"2019-03-12T13:30:31","date_gmt":"2019-03-12T13:30:31","guid":{"rendered":"https:\/\/sertv.gob.pa\/crisolfm\/?p=18011"},"modified":"2019-03-12T13:30:31","modified_gmt":"2019-03-12T13:30:31","slug":"version-49-de-la-francofonia-fiesta-de-la-lengua-francesa","status":"publish","type":"post","link":"https:\/\/sertv.gob.pa\/crisolfm\/version-49-de-la-francofonia-fiesta-de-la-lengua-francesa\/","title":{"rendered":"Versi\u00f3n 49 de la Francofon\u00eda, fiesta de la lengua francesa"},"content":{"rendered":"<p>Danzas, cine, gastronom\u00eda y exposiciones ser\u00e1n presentados hasta el pr\u00f3ximo 31 de marzo con la versi\u00f3n 49 de la Francofon\u00eda, fiesta de la lengua francesa. Esta semana todos los eventos ser\u00e1n a las 7:30 p.m., en la Alianza Francesa. Hoy, inaugurar\u00e1 con la exposici\u00f3n \u201cSPIROU4RICHTS\u201d; ma\u00f1ana, tendr\u00e1n el concierto Consort Musik; el jueves, se proyectar\u00e1 la cinta \u201cLa Boda\u201d. Mientras, el lunes 18, presentar\u00e1n la pel\u00edcula \u201cInseparables\u201d; el pr\u00f3ximo 19 de marzo ser\u00e1 el Festival de Artes Esc\u00e9nicas en el Teatro En C\u00edrculo a las 7:30 p.m., el 20 tendr\u00e1n las pel\u00edculas \u201cGardhi\u201d y \u201cPrimera dama de la evoluci\u00f3n\u201d. El 21, en el Auditorio del Patronato de Panam\u00e1 Viejo a las 7:00 p.m., ser\u00e1 el evento \u201cRock the Casbah\u201d; al mediod\u00eda del 23 presentar\u00e1n el show Nina Concept Store y a las 6:30 p.m., \u201cEl Principito\u201d en Panam\u00e1 Pac\u00edfico, entre otras actividades.<\/p>\n<p>Mientras, el 25 de marzo inaugurar\u00e1n la exposici\u00f3n \u201cCultura de Egipto\u201d en la Alianza Francesa, a las 7:30 p.m. En tanto, el 26 podr\u00e1n apreciar la cinta \u201cAdi\u00f3s Carmen\u201d en el auditorio del Patronato de Panam\u00e1 Viejo a las 7:00 p.m. El 27, en el Teatro La Plaza, tendr\u00e1n la obra \u201cUn Dios salvaje\u201d a las 7:30 p.m., el 28, en el Ateneo de la Ciudad del Saber a las 8:00 p.m., presentar\u00e1n el espect\u00e1culo \u201cWorld Music Panam\u00e1\u201d. El gran cierre se llevar\u00e1 a cabo el pr\u00f3ximo 29 de marzo en la Alianza Francesa a las 7:30 p.m. La celebraci\u00f3n ser\u00e1 para todas las edades y presentada por 13 pa\u00edses.<\/p>\n<p>&nbsp;<\/p>\n<p>&nbsp;<\/p>\n","protected":false},"excerpt":{"rendered":"<p>Danzas, cine, gastronom\u00eda y exposiciones ser\u00e1n presentados hasta el pr\u00f3ximo <a href=\"https:\/\/sertv.gob.pa\/crisolfm\/version-49-de-la-francofonia-fiesta-de-la-lengua-francesa\/\"> [&#8230;]<\/a><\/p>\n","protected":false},"author":64,"featured_media":18013,"comment_status":"closed","ping_status":"closed","sticky":false,"template":"","format":"standard","meta":{"footnotes":""},"categories":[6],"tags":[],"class_list":["post-18011","post","type-post","status-publish","format-standard","has-post-thumbnail","hentry","category-culturales"],"_links":{"self":[{"href":"https:\/\/sertv.gob.pa\/crisolfm\/wp-json\/wp\/v2\/posts\/18011","targetHints":{"allow":["GET"]}}],"collection":[{"href":"https:\/\/sertv.gob.pa\/crisolfm\/wp-json\/wp\/v2\/posts"}],"about":[{"href":"https:\/\/sertv.gob.pa\/crisolfm\/wp-json\/wp\/v2\/types\/post"}],"author":[{"embeddable":true,"href":"https:\/\/sertv.gob.pa\/crisolfm\/wp-json\/wp\/v2\/users\/64"}],"replies":[{"embeddable":true,"href":"https:\/\/sertv.gob.pa\/crisolfm\/wp-json\/wp\/v2\/comments?post=18011"}],"version-history":[{"count":1,"href":"https:\/\/sertv.gob.pa\/crisolfm\/wp-json\/wp\/v2\/posts\/18011\/revisions"}],"predecessor-version":[{"id":18014,"href":"https:\/\/sertv.gob.pa\/crisolfm\/wp-json\/wp\/v2\/posts\/18011\/revisions\/18014"}],"wp:featuredmedia":[{"embeddable":true,"href":"https:\/\/sertv.gob.pa\/crisolfm\/wp-json\/wp\/v2\/media\/18013"}],"wp:attachment":[{"href":"https:\/\/sertv.gob.pa\/crisolfm\/wp-json\/wp\/v2\/media?parent=18011"}],"wp:term":[{"taxonomy":"category","embeddable":true,"href":"https:\/\/sertv.gob.pa\/crisolfm\/wp-json\/wp\/v2\/categories?post=18011"},{"taxonomy":"post_tag","embeddable":true,"href":"https:\/\/sertv.gob.pa\/crisolfm\/wp-json\/wp\/v2\/tags?post=18011"}],"curies":[{"name":"wp","href":"https:\/\/api.w.org\/{rel}","templated":true}]}}