{"id":18015,"date":"2019-03-12T13:38:02","date_gmt":"2019-03-12T13:38:02","guid":{"rendered":"https:\/\/sertv.gob.pa\/crisolfm\/?p=18015"},"modified":"2019-03-12T13:38:02","modified_gmt":"2019-03-12T13:38:02","slug":"huelga-silencia-la-orquesta-sinfonica-de-chicago","status":"publish","type":"post","link":"https:\/\/sertv.gob.pa\/crisolfm\/huelga-silencia-la-orquesta-sinfonica-de-chicago\/","title":{"rendered":"Huelga silencia la orquesta Sinf\u00f3nica de Chicago"},"content":{"rendered":"<p style=\"text-align: justify\">Los integrantes de la renombrada Orquesta Sinf\u00f3nica de Chicago iniciaron el lunes una huelga despu\u00e9s de 11 de meses de negociaciones salariales infructuosas. \u00abLa gerencia est\u00e1 tratando de reducir el paquete b\u00e1sico de beneficios y de terminar con nuestro beneficio de retiro garantizado, lo que perjudicar\u00e1 a los miembros y representa un peligro para la orquesta en s\u00ed misma\u00bb, dijo Steve Lester, bajista y quien dirige al equipo de negociaciones de los m\u00fasicos, citando el fondo multimillonario de la orquesta. Los m\u00fasicos planearon plantones diarios a lo largo del Hall de la Orquesta de Chicago hasta un acuerdo.<\/p>\n<p style=\"text-align: justify\">\u00a0La asociaci\u00f3n de la orquesta dijo estar en desacuerdo con la decisi\u00f3n de la huelga, en particular por hacerla en medio de la temporada. Helen Zell, quien encabeza a los sindicalizados, dijo que no estaba planeada la cancelaci\u00f3n de conciertos. La pr\u00f3xima presentaci\u00f3n est\u00e1 prevista para el martes. La junta de administraci\u00f3n considera que los reclamos laborales de los m\u00fasicos son \u00abirracionales y van en detrimento del futuro de la CSO\u00bb sus siglas en ingl\u00e9s).<\/p>\n<p>\u00a0AFP<\/p>\n","protected":false},"excerpt":{"rendered":"<p>Los integrantes de la renombrada Orquesta Sinf\u00f3nica de Chicago iniciaron <a href=\"https:\/\/sertv.gob.pa\/crisolfm\/huelga-silencia-la-orquesta-sinfonica-de-chicago\/\"> [&#8230;]<\/a><\/p>\n","protected":false},"author":64,"featured_media":18018,"comment_status":"closed","ping_status":"closed","sticky":false,"template":"","format":"standard","meta":{"footnotes":""},"categories":[6],"tags":[],"class_list":["post-18015","post","type-post","status-publish","format-standard","has-post-thumbnail","hentry","category-culturales"],"_links":{"self":[{"href":"https:\/\/sertv.gob.pa\/crisolfm\/wp-json\/wp\/v2\/posts\/18015","targetHints":{"allow":["GET"]}}],"collection":[{"href":"https:\/\/sertv.gob.pa\/crisolfm\/wp-json\/wp\/v2\/posts"}],"about":[{"href":"https:\/\/sertv.gob.pa\/crisolfm\/wp-json\/wp\/v2\/types\/post"}],"author":[{"embeddable":true,"href":"https:\/\/sertv.gob.pa\/crisolfm\/wp-json\/wp\/v2\/users\/64"}],"replies":[{"embeddable":true,"href":"https:\/\/sertv.gob.pa\/crisolfm\/wp-json\/wp\/v2\/comments?post=18015"}],"version-history":[{"count":1,"href":"https:\/\/sertv.gob.pa\/crisolfm\/wp-json\/wp\/v2\/posts\/18015\/revisions"}],"predecessor-version":[{"id":18019,"href":"https:\/\/sertv.gob.pa\/crisolfm\/wp-json\/wp\/v2\/posts\/18015\/revisions\/18019"}],"wp:featuredmedia":[{"embeddable":true,"href":"https:\/\/sertv.gob.pa\/crisolfm\/wp-json\/wp\/v2\/media\/18018"}],"wp:attachment":[{"href":"https:\/\/sertv.gob.pa\/crisolfm\/wp-json\/wp\/v2\/media?parent=18015"}],"wp:term":[{"taxonomy":"category","embeddable":true,"href":"https:\/\/sertv.gob.pa\/crisolfm\/wp-json\/wp\/v2\/categories?post=18015"},{"taxonomy":"post_tag","embeddable":true,"href":"https:\/\/sertv.gob.pa\/crisolfm\/wp-json\/wp\/v2\/tags?post=18015"}],"curies":[{"name":"wp","href":"https:\/\/api.w.org\/{rel}","templated":true}]}}