{"id":18035,"date":"2019-03-12T14:28:21","date_gmt":"2019-03-12T14:28:21","guid":{"rendered":"https:\/\/sertv.gob.pa\/crisolfm\/?p=18035"},"modified":"2019-03-12T14:28:21","modified_gmt":"2019-03-12T14:28:21","slug":"huelga-internacional-contra-el-cambio-climatico-este-15-de-marzo","status":"publish","type":"post","link":"https:\/\/sertv.gob.pa\/crisolfm\/huelga-internacional-contra-el-cambio-climatico-este-15-de-marzo\/","title":{"rendered":"Huelga internacional contra el Cambio Clim\u00e1tico este 15 de marzo"},"content":{"rendered":"<p>Decenas de colectivos de j\u00f3venes espa\u00f1oles agrupados bajo el nombre de &#8216;Juventud por el clima&#8217; se han sumado a la convocatoria de huelga estudiantil internacional<strong> contra el cambio clim\u00e1tico<\/strong> que el viernes 15 de marzo secundar\u00e1n m\u00e1s de 1.000 ciudades de 89 pa\u00edses de todo el mundo inspir\u00e1ndose en la activista juvenil sueca Greta Thunberg, que comenz\u00f3 a protestar frente al parlamento de Suecia el pasado verano para reclamar medidas pol\u00edticas urgentes contra el calentamiento global.<\/p>\n<p>En Espa\u00f1a, <em>el movimiento estudiantil por el clima<\/em> se ha propagado en las \u00faltimas semanas por diversas ciudades y universidades, organizando sentadas bajo el lema &#8216;Fridays for future&#8217; frente a sedes parlamentarias o gubernamentales. Este viernes, ya son 25 las convocatorias de concentraciones o manifestaciones en ciudades como Madrid, Barcelona, Valencia, Sevilla, Bilbao, M\u00e1laga, Zaragoza, Palma, Santa Cruz de Tenerife, Granada o Badajoz.<\/p>\n<p>ECOticias<\/p>\n","protected":false},"excerpt":{"rendered":"<p>Decenas de colectivos de j\u00f3venes espa\u00f1oles agrupados bajo el nombre <a href=\"https:\/\/sertv.gob.pa\/crisolfm\/huelga-internacional-contra-el-cambio-climatico-este-15-de-marzo\/\"> [&#8230;]<\/a><\/p>\n","protected":false},"author":64,"featured_media":18037,"comment_status":"closed","ping_status":"closed","sticky":false,"template":"","format":"standard","meta":{"footnotes":""},"categories":[7],"tags":[],"class_list":["post-18035","post","type-post","status-publish","format-standard","has-post-thumbnail","hentry","category-ecologicas"],"_links":{"self":[{"href":"https:\/\/sertv.gob.pa\/crisolfm\/wp-json\/wp\/v2\/posts\/18035","targetHints":{"allow":["GET"]}}],"collection":[{"href":"https:\/\/sertv.gob.pa\/crisolfm\/wp-json\/wp\/v2\/posts"}],"about":[{"href":"https:\/\/sertv.gob.pa\/crisolfm\/wp-json\/wp\/v2\/types\/post"}],"author":[{"embeddable":true,"href":"https:\/\/sertv.gob.pa\/crisolfm\/wp-json\/wp\/v2\/users\/64"}],"replies":[{"embeddable":true,"href":"https:\/\/sertv.gob.pa\/crisolfm\/wp-json\/wp\/v2\/comments?post=18035"}],"version-history":[{"count":1,"href":"https:\/\/sertv.gob.pa\/crisolfm\/wp-json\/wp\/v2\/posts\/18035\/revisions"}],"predecessor-version":[{"id":18038,"href":"https:\/\/sertv.gob.pa\/crisolfm\/wp-json\/wp\/v2\/posts\/18035\/revisions\/18038"}],"wp:featuredmedia":[{"embeddable":true,"href":"https:\/\/sertv.gob.pa\/crisolfm\/wp-json\/wp\/v2\/media\/18037"}],"wp:attachment":[{"href":"https:\/\/sertv.gob.pa\/crisolfm\/wp-json\/wp\/v2\/media?parent=18035"}],"wp:term":[{"taxonomy":"category","embeddable":true,"href":"https:\/\/sertv.gob.pa\/crisolfm\/wp-json\/wp\/v2\/categories?post=18035"},{"taxonomy":"post_tag","embeddable":true,"href":"https:\/\/sertv.gob.pa\/crisolfm\/wp-json\/wp\/v2\/tags?post=18035"}],"curies":[{"name":"wp","href":"https:\/\/api.w.org\/{rel}","templated":true}]}}