{"id":18052,"date":"2019-03-12T18:04:53","date_gmt":"2019-03-12T18:04:53","guid":{"rendered":"https:\/\/sertv.gob.pa\/crisolfm\/?p=18052"},"modified":"2019-03-12T18:04:53","modified_gmt":"2019-03-12T18:04:53","slug":"muere-a-los-94-anos-el-escultor-espanol-martin-chirino","status":"publish","type":"post","link":"https:\/\/sertv.gob.pa\/crisolfm\/muere-a-los-94-anos-el-escultor-espanol-martin-chirino\/","title":{"rendered":"Muere a los 94 a\u00f1os el escultor espa\u00f1ol Mart\u00edn Chirino"},"content":{"rendered":"<p>El escultor espa\u00f1ol Mart\u00edn Chirino, uno de los m\u00e1ximos representantes de la escultura abstracta espa\u00f1ola, muri\u00f3 este lunes a los 94 a\u00f1os en Madrid, informaron fuentes de su Fundaci\u00f3n. Chirino, natural de Las Palmas de Gran Canaria (en el archipi\u00e9lago atl\u00e1ntico espa\u00f1ol de Canarias), falleci\u00f3 en las instalaciones del Hospital Universitario de Navarra de la capital espa\u00f1ola, donde ingresaba peri\u00f3dicamente.<\/p>\n<p>Instalado en Madrid desde hace 70 a\u00f1os, donde dirigi\u00f3 el C\u00edrculo de Bellas Artes, recibi\u00f3 entre otros reconocimientos el Premio Nacional de Artes Pl\u00e1sticas, la Medalla de Oro de Bellas Artes o el Premio Crist\u00f3bal Gabarr\u00f3n de Artes Pl\u00e1sticas. Con motivo de una gran exposici\u00f3n sobre toda tu trayectoria en la galer\u00eda Marlborough, Mart\u00edn Chirino -el artista del hierro y las espirales- concedi\u00f3 una entrevista\u00a0en enero de 2018, en la que aseguraba: \u00abmi vida ha sido una obra continua, es mi pasi\u00f3n y mi fortaleza\u00bb.<\/p>\n<p>&nbsp;<\/p>\n<p>El Espectador<\/p>\n","protected":false},"excerpt":{"rendered":"<p>El escultor espa\u00f1ol Mart\u00edn Chirino, uno de los m\u00e1ximos representantes <a href=\"https:\/\/sertv.gob.pa\/crisolfm\/muere-a-los-94-anos-el-escultor-espanol-martin-chirino\/\"> [&#8230;]<\/a><\/p>\n","protected":false},"author":64,"featured_media":18054,"comment_status":"closed","ping_status":"closed","sticky":false,"template":"","format":"standard","meta":{"footnotes":""},"categories":[6],"tags":[],"class_list":["post-18052","post","type-post","status-publish","format-standard","has-post-thumbnail","hentry","category-culturales"],"_links":{"self":[{"href":"https:\/\/sertv.gob.pa\/crisolfm\/wp-json\/wp\/v2\/posts\/18052","targetHints":{"allow":["GET"]}}],"collection":[{"href":"https:\/\/sertv.gob.pa\/crisolfm\/wp-json\/wp\/v2\/posts"}],"about":[{"href":"https:\/\/sertv.gob.pa\/crisolfm\/wp-json\/wp\/v2\/types\/post"}],"author":[{"embeddable":true,"href":"https:\/\/sertv.gob.pa\/crisolfm\/wp-json\/wp\/v2\/users\/64"}],"replies":[{"embeddable":true,"href":"https:\/\/sertv.gob.pa\/crisolfm\/wp-json\/wp\/v2\/comments?post=18052"}],"version-history":[{"count":1,"href":"https:\/\/sertv.gob.pa\/crisolfm\/wp-json\/wp\/v2\/posts\/18052\/revisions"}],"predecessor-version":[{"id":18055,"href":"https:\/\/sertv.gob.pa\/crisolfm\/wp-json\/wp\/v2\/posts\/18052\/revisions\/18055"}],"wp:featuredmedia":[{"embeddable":true,"href":"https:\/\/sertv.gob.pa\/crisolfm\/wp-json\/wp\/v2\/media\/18054"}],"wp:attachment":[{"href":"https:\/\/sertv.gob.pa\/crisolfm\/wp-json\/wp\/v2\/media?parent=18052"}],"wp:term":[{"taxonomy":"category","embeddable":true,"href":"https:\/\/sertv.gob.pa\/crisolfm\/wp-json\/wp\/v2\/categories?post=18052"},{"taxonomy":"post_tag","embeddable":true,"href":"https:\/\/sertv.gob.pa\/crisolfm\/wp-json\/wp\/v2\/tags?post=18052"}],"curies":[{"name":"wp","href":"https:\/\/api.w.org\/{rel}","templated":true}]}}