{"id":18056,"date":"2019-03-13T13:17:19","date_gmt":"2019-03-13T13:17:19","guid":{"rendered":"https:\/\/sertv.gob.pa\/crisolfm\/?p=18056"},"modified":"2019-03-13T13:17:19","modified_gmt":"2019-03-13T13:17:19","slug":"contaminacion-atmosferica-provoca-el-doble-de-muertes-de-lo-estimado-segun-nuevo-estudio","status":"publish","type":"post","link":"https:\/\/sertv.gob.pa\/crisolfm\/contaminacion-atmosferica-provoca-el-doble-de-muertes-de-lo-estimado-segun-nuevo-estudio\/","title":{"rendered":"Contaminaci\u00f3n atmosf\u00e9rica provoca el doble de muertes de lo estimado, seg\u00fan nuevo estudio"},"content":{"rendered":"<p>La contaminaci\u00f3n atmosf\u00e9rica mata cada a\u00f1o de forma prematura a 8,8 millones de personas en el mundo, el doble de lo estimado hasta ahora, seg\u00fan un estudio publicado el martes. Entre 40 y 80% de estos decesos, basados en cifras de 2015, est\u00e1n causados por ataques card\u00edacos, apoplej\u00edas y otros tipos de enfermedades cardiovasculares, seg\u00fan los autores de la investigaci\u00f3n publicada en la revista European Heart Journal. Esto significa que la contaminaci\u00f3n atmosf\u00e9rica provoca anualmente m\u00e1s muertes que el tabaco, responsable de 7,2 millones de decesos en el mismo a\u00f1o, seg\u00fan datos de la Organizaci\u00f3n Mundial de la Salud.<\/p>\n<p>&#8216;Se puede evitar fumar, pero no se puede evitar estar sometido al aire contaminado&#8217;, se\u00f1al\u00f3 uno de los responsables del estudio, el profesor Thomas M\u00fcnzel, de la Universidad de Maguncia (Alemania). A nivel mundial, los estudios hab\u00edan cifrado hasta ahora el n\u00famero total de decesos en alrededor de 4,5 millones. Los investigadores estiman que solo en China se produjeron 2,8 millones de muertes en 2015 debido a este fen\u00f3meno. En los 41 pa\u00edses del continente europeo &#8211; donde se concentr\u00f3 principalmente el estudio &#8211; estas totalizaron 790.000 y en los 28 de la UE, 659.000. Estos c\u00e1lculos tambi\u00e9n son netamente superiores a los de la Agencia Europea del Medioambiente (AEMA).<\/p>\n<p>AFP<\/p>\n","protected":false},"excerpt":{"rendered":"<p>La contaminaci\u00f3n atmosf\u00e9rica mata cada a\u00f1o de forma prematura a <a href=\"https:\/\/sertv.gob.pa\/crisolfm\/contaminacion-atmosferica-provoca-el-doble-de-muertes-de-lo-estimado-segun-nuevo-estudio\/\"> [&#8230;]<\/a><\/p>\n","protected":false},"author":64,"featured_media":18058,"comment_status":"closed","ping_status":"closed","sticky":false,"template":"","format":"standard","meta":{"footnotes":""},"categories":[7],"tags":[],"class_list":["post-18056","post","type-post","status-publish","format-standard","has-post-thumbnail","hentry","category-ecologicas"],"_links":{"self":[{"href":"https:\/\/sertv.gob.pa\/crisolfm\/wp-json\/wp\/v2\/posts\/18056","targetHints":{"allow":["GET"]}}],"collection":[{"href":"https:\/\/sertv.gob.pa\/crisolfm\/wp-json\/wp\/v2\/posts"}],"about":[{"href":"https:\/\/sertv.gob.pa\/crisolfm\/wp-json\/wp\/v2\/types\/post"}],"author":[{"embeddable":true,"href":"https:\/\/sertv.gob.pa\/crisolfm\/wp-json\/wp\/v2\/users\/64"}],"replies":[{"embeddable":true,"href":"https:\/\/sertv.gob.pa\/crisolfm\/wp-json\/wp\/v2\/comments?post=18056"}],"version-history":[{"count":1,"href":"https:\/\/sertv.gob.pa\/crisolfm\/wp-json\/wp\/v2\/posts\/18056\/revisions"}],"predecessor-version":[{"id":18059,"href":"https:\/\/sertv.gob.pa\/crisolfm\/wp-json\/wp\/v2\/posts\/18056\/revisions\/18059"}],"wp:featuredmedia":[{"embeddable":true,"href":"https:\/\/sertv.gob.pa\/crisolfm\/wp-json\/wp\/v2\/media\/18058"}],"wp:attachment":[{"href":"https:\/\/sertv.gob.pa\/crisolfm\/wp-json\/wp\/v2\/media?parent=18056"}],"wp:term":[{"taxonomy":"category","embeddable":true,"href":"https:\/\/sertv.gob.pa\/crisolfm\/wp-json\/wp\/v2\/categories?post=18056"},{"taxonomy":"post_tag","embeddable":true,"href":"https:\/\/sertv.gob.pa\/crisolfm\/wp-json\/wp\/v2\/tags?post=18056"}],"curies":[{"name":"wp","href":"https:\/\/api.w.org\/{rel}","templated":true}]}}