{"id":18060,"date":"2019-03-13T13:21:12","date_gmt":"2019-03-13T13:21:12","guid":{"rendered":"https:\/\/sertv.gob.pa\/crisolfm\/?p=18060"},"modified":"2019-03-13T13:21:12","modified_gmt":"2019-03-13T13:21:12","slug":"con-teatro-de-espana-inaugura-este-jueves-el-fae-19","status":"publish","type":"post","link":"https:\/\/sertv.gob.pa\/crisolfm\/con-teatro-de-espana-inaugura-este-jueves-el-fae-19\/","title":{"rendered":"Con Teatro de Espa\u00f1a inaugura este jueves el FAE 19"},"content":{"rendered":"<p>La producci\u00f3n teatral de Espa\u00f1a, ME LLAMO SULEIM\u00c1N, la historia de un joven africano que cruza el desierto de Sahara y el mar en busca del llamado \u201csue\u00f1o europeo\u201d, es el espect\u00e1culo con que se inaugurar\u00e1 este jueves 14 de marzo en el Teatro Balboa a las 7:30 p.m., el 9\u00b0 Festival Internacional de Artes Esc\u00e9nicas de Panam\u00e1.<\/p>\n<p>La obra, una adaptaci\u00f3n de la novela hom\u00f3nima de Antonio Lozano, dirigida por Mario Vega e interpretada magn\u00edficamente por Marta Viera, expone el dolor y sufrimiento de todo aquel que decide emigrar para mejorar su vida y ha tenido cientos de representaciones en distintas ciudades europeas, espa\u00f1olas y latinoamericanas y ha recorrido los principales festivales con grandes ovaciones y excelentes cr\u00edticas.<\/p>\n<p>&nbsp;<\/p>\n<p>&nbsp;<\/p>\n","protected":false},"excerpt":{"rendered":"<p>La producci\u00f3n teatral de Espa\u00f1a, ME LLAMO SULEIM\u00c1N, la historia <a href=\"https:\/\/sertv.gob.pa\/crisolfm\/con-teatro-de-espana-inaugura-este-jueves-el-fae-19\/\"> [&#8230;]<\/a><\/p>\n","protected":false},"author":64,"featured_media":18062,"comment_status":"closed","ping_status":"closed","sticky":false,"template":"","format":"standard","meta":{"footnotes":""},"categories":[6],"tags":[],"class_list":["post-18060","post","type-post","status-publish","format-standard","has-post-thumbnail","hentry","category-culturales"],"_links":{"self":[{"href":"https:\/\/sertv.gob.pa\/crisolfm\/wp-json\/wp\/v2\/posts\/18060","targetHints":{"allow":["GET"]}}],"collection":[{"href":"https:\/\/sertv.gob.pa\/crisolfm\/wp-json\/wp\/v2\/posts"}],"about":[{"href":"https:\/\/sertv.gob.pa\/crisolfm\/wp-json\/wp\/v2\/types\/post"}],"author":[{"embeddable":true,"href":"https:\/\/sertv.gob.pa\/crisolfm\/wp-json\/wp\/v2\/users\/64"}],"replies":[{"embeddable":true,"href":"https:\/\/sertv.gob.pa\/crisolfm\/wp-json\/wp\/v2\/comments?post=18060"}],"version-history":[{"count":1,"href":"https:\/\/sertv.gob.pa\/crisolfm\/wp-json\/wp\/v2\/posts\/18060\/revisions"}],"predecessor-version":[{"id":18063,"href":"https:\/\/sertv.gob.pa\/crisolfm\/wp-json\/wp\/v2\/posts\/18060\/revisions\/18063"}],"wp:featuredmedia":[{"embeddable":true,"href":"https:\/\/sertv.gob.pa\/crisolfm\/wp-json\/wp\/v2\/media\/18062"}],"wp:attachment":[{"href":"https:\/\/sertv.gob.pa\/crisolfm\/wp-json\/wp\/v2\/media?parent=18060"}],"wp:term":[{"taxonomy":"category","embeddable":true,"href":"https:\/\/sertv.gob.pa\/crisolfm\/wp-json\/wp\/v2\/categories?post=18060"},{"taxonomy":"post_tag","embeddable":true,"href":"https:\/\/sertv.gob.pa\/crisolfm\/wp-json\/wp\/v2\/tags?post=18060"}],"curies":[{"name":"wp","href":"https:\/\/api.w.org\/{rel}","templated":true}]}}