{"id":18069,"date":"2019-03-13T13:35:34","date_gmt":"2019-03-13T13:35:34","guid":{"rendered":"https:\/\/sertv.gob.pa\/crisolfm\/?p=18069"},"modified":"2019-03-13T13:35:34","modified_gmt":"2019-03-13T13:35:34","slug":"festival-de-cine-de-barranquilla-inventa-visita-de-tarantino-y-levanta-criticas","status":"publish","type":"post","link":"https:\/\/sertv.gob.pa\/crisolfm\/festival-de-cine-de-barranquilla-inventa-visita-de-tarantino-y-levanta-criticas\/","title":{"rendered":"Festival de Cine de Barranquilla inventa visita de Tarantino y levanta cr\u00edticas"},"content":{"rendered":"<p>El festival de cine de Barranquilla confes\u00f3 este martes haber inventado que el director y guionista estadounidense Quentin Tarantino estar\u00eda en la inauguraci\u00f3n del certamen, como parte de una estrategia publicitaria que le vali\u00f3 burlas y cr\u00edticas. En pleno auge de la lucha contra las noticias falsas, la estrategia gener\u00f3 indignaci\u00f3n y burlas en redes sociales. Las autoridades tambi\u00e9n tomaron distancia.<\/p>\n<p>La administraci\u00f3n distrital no comparte la intencionalidad, el contenido, ni las acciones realizadas en el marco de la supuesta estrategia planteada por la organizaci\u00f3n del @FICBAQ, que ha causado un comprensible malestar entre la opini\u00f3n p\u00fablica y los medios de comunicaci\u00f3n\u00bb, indic\u00f3 en Twitter la Secretar\u00eda de Cultura de Barranquilla.<\/p>\n<p>En una entrevista a Blu Radio el codirector del festival, Giuliano Cavalli, justific\u00f3 que era \u00abuna cuesti\u00f3n de visibilidad\u00bb de un evento con dificultades econ\u00f3micas. \u00abLo que busc\u00e1bamos era que el festival se diera a conocer, porque es un esfuerzo que hemos venido forjando desde 2013 y nos sentimos abandonados\u00bb, dijo. Cavalli se disculp\u00f3 por la \u00abdesilusi\u00f3n\u00bb que pudo causar la falsa expectativa para los fan\u00e1ticos del director de cine estadounidense, que seg\u00fan \u00e9l ser\u00eda imposible de invitar con un presupuesto en pesos colombianos equivalente a 19.000 d\u00f3lares.<\/p>\n<p>AFP<\/p>\n","protected":false},"excerpt":{"rendered":"<p>El festival de cine de Barranquilla confes\u00f3 este martes haber <a href=\"https:\/\/sertv.gob.pa\/crisolfm\/festival-de-cine-de-barranquilla-inventa-visita-de-tarantino-y-levanta-criticas\/\"> [&#8230;]<\/a><\/p>\n","protected":false},"author":64,"featured_media":18071,"comment_status":"closed","ping_status":"closed","sticky":false,"template":"","format":"standard","meta":{"footnotes":""},"categories":[6],"tags":[],"class_list":["post-18069","post","type-post","status-publish","format-standard","has-post-thumbnail","hentry","category-culturales"],"_links":{"self":[{"href":"https:\/\/sertv.gob.pa\/crisolfm\/wp-json\/wp\/v2\/posts\/18069","targetHints":{"allow":["GET"]}}],"collection":[{"href":"https:\/\/sertv.gob.pa\/crisolfm\/wp-json\/wp\/v2\/posts"}],"about":[{"href":"https:\/\/sertv.gob.pa\/crisolfm\/wp-json\/wp\/v2\/types\/post"}],"author":[{"embeddable":true,"href":"https:\/\/sertv.gob.pa\/crisolfm\/wp-json\/wp\/v2\/users\/64"}],"replies":[{"embeddable":true,"href":"https:\/\/sertv.gob.pa\/crisolfm\/wp-json\/wp\/v2\/comments?post=18069"}],"version-history":[{"count":1,"href":"https:\/\/sertv.gob.pa\/crisolfm\/wp-json\/wp\/v2\/posts\/18069\/revisions"}],"predecessor-version":[{"id":18072,"href":"https:\/\/sertv.gob.pa\/crisolfm\/wp-json\/wp\/v2\/posts\/18069\/revisions\/18072"}],"wp:featuredmedia":[{"embeddable":true,"href":"https:\/\/sertv.gob.pa\/crisolfm\/wp-json\/wp\/v2\/media\/18071"}],"wp:attachment":[{"href":"https:\/\/sertv.gob.pa\/crisolfm\/wp-json\/wp\/v2\/media?parent=18069"}],"wp:term":[{"taxonomy":"category","embeddable":true,"href":"https:\/\/sertv.gob.pa\/crisolfm\/wp-json\/wp\/v2\/categories?post=18069"},{"taxonomy":"post_tag","embeddable":true,"href":"https:\/\/sertv.gob.pa\/crisolfm\/wp-json\/wp\/v2\/tags?post=18069"}],"curies":[{"name":"wp","href":"https:\/\/api.w.org\/{rel}","templated":true}]}}