{"id":18073,"date":"2019-03-13T13:45:54","date_gmt":"2019-03-13T13:45:54","guid":{"rendered":"https:\/\/sertv.gob.pa\/crisolfm\/?p=18073"},"modified":"2019-03-13T13:45:54","modified_gmt":"2019-03-13T13:45:54","slug":"el-dia-panamasincarro-promueve-la-movilidad-sostenible","status":"publish","type":"post","link":"https:\/\/sertv.gob.pa\/crisolfm\/el-dia-panamasincarro-promueve-la-movilidad-sostenible\/","title":{"rendered":"El d\u00eda \u201c#Panam\u00e1Sincarro\u201d promueve la movilidad sostenible"},"content":{"rendered":"<p>Hoy, por primera vez, en la ciudad de Panam\u00e1 se desarrolla la iniciativa \u2018un d\u00eda sin carro&#8217;, para promover una movilidad sostenible con menores niveles de contaminaci\u00f3n y de ruido. La actividad del Green Team o \u2018Equipo Verde&#8217; de la Embajada de Estados Unidos en Panam\u00e1 invita a los moradores de Clayton a desplazarse en bicicleta o caminar hasta sus trabajos o escuelas para reducir el n\u00famero de veh\u00edculos en calles y avenidas. Quienes no puedan movilizarse en bicicleta o a pie tienen la opci\u00f3n de compartir su autom\u00f3vil con otras personas o usar transporte p\u00fablico, recomienda el Equipo Verde de la Embajada de Estados Unidos, que organiza la actividad.<\/p>\n<p>La contaminaci\u00f3n del aire en Panam\u00e1 es atribuida en un 90% a la emisi\u00f3n de gases vehiculares, en una ciudad donde diariamente circulan por las calles 825 mil unidades hasta 2017, seg\u00fan datos de transporte terrestre extra\u00eddos de la p\u00e1gina web de la Contralor\u00eda General de la Rep\u00fablica de Panam\u00e1. Los veh\u00edculos automotores generan el 78 % de los hidrocarburos y el 98% del mon\u00f3xido de carbono que llega al aire. Los gases contaminantes, producto de la combusti\u00f3n vehicular, pasan a la atm\u00f3sfera para ser absorbidos por el cuerpo humano a trav\u00e9s de la respiraci\u00f3n, ha advertido el Instituto de An\u00e1lisis Especializado de la Universidad de Panam\u00e1<\/p>\n<p>&nbsp;<\/p>\n","protected":false},"excerpt":{"rendered":"<p>Hoy, por primera vez, en la ciudad de Panam\u00e1 se <a href=\"https:\/\/sertv.gob.pa\/crisolfm\/el-dia-panamasincarro-promueve-la-movilidad-sostenible\/\"> [&#8230;]<\/a><\/p>\n","protected":false},"author":64,"featured_media":18075,"comment_status":"closed","ping_status":"closed","sticky":false,"template":"","format":"standard","meta":{"footnotes":""},"categories":[7],"tags":[],"class_list":["post-18073","post","type-post","status-publish","format-standard","has-post-thumbnail","hentry","category-ecologicas"],"_links":{"self":[{"href":"https:\/\/sertv.gob.pa\/crisolfm\/wp-json\/wp\/v2\/posts\/18073","targetHints":{"allow":["GET"]}}],"collection":[{"href":"https:\/\/sertv.gob.pa\/crisolfm\/wp-json\/wp\/v2\/posts"}],"about":[{"href":"https:\/\/sertv.gob.pa\/crisolfm\/wp-json\/wp\/v2\/types\/post"}],"author":[{"embeddable":true,"href":"https:\/\/sertv.gob.pa\/crisolfm\/wp-json\/wp\/v2\/users\/64"}],"replies":[{"embeddable":true,"href":"https:\/\/sertv.gob.pa\/crisolfm\/wp-json\/wp\/v2\/comments?post=18073"}],"version-history":[{"count":1,"href":"https:\/\/sertv.gob.pa\/crisolfm\/wp-json\/wp\/v2\/posts\/18073\/revisions"}],"predecessor-version":[{"id":18076,"href":"https:\/\/sertv.gob.pa\/crisolfm\/wp-json\/wp\/v2\/posts\/18073\/revisions\/18076"}],"wp:featuredmedia":[{"embeddable":true,"href":"https:\/\/sertv.gob.pa\/crisolfm\/wp-json\/wp\/v2\/media\/18075"}],"wp:attachment":[{"href":"https:\/\/sertv.gob.pa\/crisolfm\/wp-json\/wp\/v2\/media?parent=18073"}],"wp:term":[{"taxonomy":"category","embeddable":true,"href":"https:\/\/sertv.gob.pa\/crisolfm\/wp-json\/wp\/v2\/categories?post=18073"},{"taxonomy":"post_tag","embeddable":true,"href":"https:\/\/sertv.gob.pa\/crisolfm\/wp-json\/wp\/v2\/tags?post=18073"}],"curies":[{"name":"wp","href":"https:\/\/api.w.org\/{rel}","templated":true}]}}