{"id":18109,"date":"2019-03-13T18:21:33","date_gmt":"2019-03-13T18:21:33","guid":{"rendered":"https:\/\/sertv.gob.pa\/crisolfm\/?p=18109"},"modified":"2019-03-13T18:21:33","modified_gmt":"2019-03-13T18:21:33","slug":"por-fuertes-vientos-y-oleajes-extienden-advertencia-en-el-territorio-nacional","status":"publish","type":"post","link":"https:\/\/sertv.gob.pa\/crisolfm\/por-fuertes-vientos-y-oleajes-extienden-advertencia-en-el-territorio-nacional\/","title":{"rendered":"Por fuertes vientos y oleajes extienden advertencia en el territorio nacional"},"content":{"rendered":"<p>La direcci\u00f3n de Hidrometeorolog\u00eda de ETESA inform\u00f3 de la extensi\u00f3n del aviso por ocurrencia de fuertes vientos sostenidos y r\u00e1fagas intensas hasta el s\u00e1bado 16 de marzo de 2019. \u00a0\u201cCondiciones ventosas con alta velocidades y de manera sostenidas que van de desde 20 km\/h hasta 40 km\/h; adem\u00e1s de posibles r\u00e1fagas variando entre 50km\/h hasta 80km\/h continuaran durante los pr\u00f3ximos d\u00edas sobre el territorio nacional y sectores mar\u00edtimos\u201d, expres\u00f3.<\/p>\n<p>Se afectan las provincias de Dari\u00e9n, Panam\u00e1, Panam\u00e1 Oeste, Los Santos, Cocl\u00e9, Herrera, Veraguas, Bocas del Toro, Col\u00f3n; las comarcas Ember\u00e1, Ng\u00f6be Bugl\u00e9, Guna Yala y los sectores mar\u00edtimos del Pacifico y Caribe paname\u00f1o. Mientras que en los sectores de la cordillera central de la comarca Ng\u00f6be Bugl\u00e9 y la provincia de Chiriqu\u00ed se presentan vientos fuertes de manera sostenidas, alcanzando valores desde 40 km\/h hasta 60 km\/h y posibles rafagas desde 70km\/h hasta 100 km\/h.<\/p>\n<p>&nbsp;<\/p>\n<p>&nbsp;<\/p>\n","protected":false},"excerpt":{"rendered":"<p>La direcci\u00f3n de Hidrometeorolog\u00eda de ETESA inform\u00f3 de la extensi\u00f3n <a href=\"https:\/\/sertv.gob.pa\/crisolfm\/por-fuertes-vientos-y-oleajes-extienden-advertencia-en-el-territorio-nacional\/\"> [&#8230;]<\/a><\/p>\n","protected":false},"author":64,"featured_media":18111,"comment_status":"closed","ping_status":"closed","sticky":false,"template":"","format":"standard","meta":{"footnotes":""},"categories":[7],"tags":[],"class_list":["post-18109","post","type-post","status-publish","format-standard","has-post-thumbnail","hentry","category-ecologicas"],"_links":{"self":[{"href":"https:\/\/sertv.gob.pa\/crisolfm\/wp-json\/wp\/v2\/posts\/18109","targetHints":{"allow":["GET"]}}],"collection":[{"href":"https:\/\/sertv.gob.pa\/crisolfm\/wp-json\/wp\/v2\/posts"}],"about":[{"href":"https:\/\/sertv.gob.pa\/crisolfm\/wp-json\/wp\/v2\/types\/post"}],"author":[{"embeddable":true,"href":"https:\/\/sertv.gob.pa\/crisolfm\/wp-json\/wp\/v2\/users\/64"}],"replies":[{"embeddable":true,"href":"https:\/\/sertv.gob.pa\/crisolfm\/wp-json\/wp\/v2\/comments?post=18109"}],"version-history":[{"count":1,"href":"https:\/\/sertv.gob.pa\/crisolfm\/wp-json\/wp\/v2\/posts\/18109\/revisions"}],"predecessor-version":[{"id":18112,"href":"https:\/\/sertv.gob.pa\/crisolfm\/wp-json\/wp\/v2\/posts\/18109\/revisions\/18112"}],"wp:featuredmedia":[{"embeddable":true,"href":"https:\/\/sertv.gob.pa\/crisolfm\/wp-json\/wp\/v2\/media\/18111"}],"wp:attachment":[{"href":"https:\/\/sertv.gob.pa\/crisolfm\/wp-json\/wp\/v2\/media?parent=18109"}],"wp:term":[{"taxonomy":"category","embeddable":true,"href":"https:\/\/sertv.gob.pa\/crisolfm\/wp-json\/wp\/v2\/categories?post=18109"},{"taxonomy":"post_tag","embeddable":true,"href":"https:\/\/sertv.gob.pa\/crisolfm\/wp-json\/wp\/v2\/tags?post=18109"}],"curies":[{"name":"wp","href":"https:\/\/api.w.org\/{rel}","templated":true}]}}