{"id":18120,"date":"2019-03-14T13:23:28","date_gmt":"2019-03-14T13:23:28","guid":{"rendered":"https:\/\/sertv.gob.pa\/crisolfm\/?p=18120"},"modified":"2019-03-14T13:23:28","modified_gmt":"2019-03-14T13:23:28","slug":"sismo-de-42-en-la-escala-de-richter-despierta-a-cientos-de-panamenos","status":"publish","type":"post","link":"https:\/\/sertv.gob.pa\/crisolfm\/sismo-de-42-en-la-escala-de-richter-despierta-a-cientos-de-panamenos\/","title":{"rendered":"Sismo de 4,2 en la escala de Richter despierta a cientos de paname\u00f1os"},"content":{"rendered":"<p>Un <strong>sismo de magnitud 4,2 en la escala abierta de Richte<\/strong>r sacudi\u00f3 <strong>este jueves la capital de Panam\u00e1<\/strong> en horas de<strong> la madrugad<\/strong>a, sin que<strong> se reporten v\u00edctimas ni da\u00f1os materiales, inform\u00f3 el Instituto de Geociencias de la Universidad de Panam\u00e1.<\/strong> La fuente precis\u00f3 en su cuenta oficial de Twitter que e<strong>l movimiento tel\u00farico se registr\u00f3 a las 02:09 hora local (07:09 GMT) con epicentro en el oc\u00e9ano Pac\u00edfico<\/strong> a <strong>64 kil\u00f3metros al sur del distrito de Chepo<\/strong>, que a su vez q<strong>ueda a unos 40 kil\u00f3metros al este de la capital de Panam\u00e1.<\/strong><\/p>\n<p>El <strong>temblor fue sentido en la capital paname\u00f1a e islas del Archipi\u00e9lago de Las Perlas<\/strong>, de acuerdo con los reportes de los ciudadanos en redes sociales y a los medios de comunicaci\u00f3n locales. Seg\u00fan los datos cient\u00edficos, <strong>el se\u00edsmo se produjo a 10 kil\u00f3metros de profundidad, con latitud Norte 8.61 y longitud Oeste 78.99.<\/strong><\/p>\n<p>ACAN-EFE<\/p>\n","protected":false},"excerpt":{"rendered":"<p>Un sismo de magnitud 4,2 en la escala abierta de <a href=\"https:\/\/sertv.gob.pa\/crisolfm\/sismo-de-42-en-la-escala-de-richter-despierta-a-cientos-de-panamenos\/\"> [&#8230;]<\/a><\/p>\n","protected":false},"author":64,"featured_media":18122,"comment_status":"closed","ping_status":"closed","sticky":false,"template":"","format":"standard","meta":{"footnotes":""},"categories":[7],"tags":[],"class_list":["post-18120","post","type-post","status-publish","format-standard","has-post-thumbnail","hentry","category-ecologicas"],"_links":{"self":[{"href":"https:\/\/sertv.gob.pa\/crisolfm\/wp-json\/wp\/v2\/posts\/18120","targetHints":{"allow":["GET"]}}],"collection":[{"href":"https:\/\/sertv.gob.pa\/crisolfm\/wp-json\/wp\/v2\/posts"}],"about":[{"href":"https:\/\/sertv.gob.pa\/crisolfm\/wp-json\/wp\/v2\/types\/post"}],"author":[{"embeddable":true,"href":"https:\/\/sertv.gob.pa\/crisolfm\/wp-json\/wp\/v2\/users\/64"}],"replies":[{"embeddable":true,"href":"https:\/\/sertv.gob.pa\/crisolfm\/wp-json\/wp\/v2\/comments?post=18120"}],"version-history":[{"count":1,"href":"https:\/\/sertv.gob.pa\/crisolfm\/wp-json\/wp\/v2\/posts\/18120\/revisions"}],"predecessor-version":[{"id":18123,"href":"https:\/\/sertv.gob.pa\/crisolfm\/wp-json\/wp\/v2\/posts\/18120\/revisions\/18123"}],"wp:featuredmedia":[{"embeddable":true,"href":"https:\/\/sertv.gob.pa\/crisolfm\/wp-json\/wp\/v2\/media\/18122"}],"wp:attachment":[{"href":"https:\/\/sertv.gob.pa\/crisolfm\/wp-json\/wp\/v2\/media?parent=18120"}],"wp:term":[{"taxonomy":"category","embeddable":true,"href":"https:\/\/sertv.gob.pa\/crisolfm\/wp-json\/wp\/v2\/categories?post=18120"},{"taxonomy":"post_tag","embeddable":true,"href":"https:\/\/sertv.gob.pa\/crisolfm\/wp-json\/wp\/v2\/tags?post=18120"}],"curies":[{"name":"wp","href":"https:\/\/api.w.org\/{rel}","templated":true}]}}