{"id":18124,"date":"2019-03-14T13:31:19","date_gmt":"2019-03-14T13:31:19","guid":{"rendered":"https:\/\/sertv.gob.pa\/crisolfm\/?p=18124"},"modified":"2019-03-14T13:31:19","modified_gmt":"2019-03-14T13:31:19","slug":"reportaje-titanes-de-la-aviacion-finalista-en-premio-de-periodismo-economico-iberoamericano","status":"publish","type":"post","link":"https:\/\/sertv.gob.pa\/crisolfm\/reportaje-titanes-de-la-aviacion-finalista-en-premio-de-periodismo-economico-iberoamericano\/","title":{"rendered":"Reportaje \u201cTitanes de la Aviaci\u00f3n\u201d finalista en Premio de Periodismo Econ\u00f3mico Iberoamericano"},"content":{"rendered":"<p>El reportaje <strong><a href=\"http:\/\/ediciones.martesfinanciero.com\/history\/2018\/07\/17\/informe_central.asp\" target=\"_blank\" rel=\"noopener\">Titanes de la aviaci\u00f3n<\/a>,<\/strong> publicado en la revista \u00abMartes Financiero\u00bb, del diario <strong>La Prensa<\/strong>, el 17 de julio de 2018, fue seleccionado como finalista para participar en la octava edici\u00f3n del Premio de Periodismo Econ\u00f3mico Iberoamericano de IE University de Espa\u00f1a.<\/p>\n<p>Cerca de 250 art\u00edculos de m\u00e1s de 150 medios de comunicaci\u00f3n y m\u00e1s de 100 periodistas se presentaron a la octava edici\u00f3n del premio. Entre los finalistas, se encuentran art\u00edculos publicados en medios como <strong>Clar\u00edn<\/strong> y <strong>Revista Pymes<\/strong>\u00a0(Argentina);\u00a0<strong>Zero hora<\/strong> y <strong>Exame<\/strong> (Brasil);\u00a0<strong>Portafolio<\/strong> (Colombia);\u00a0<strong>La Naci\u00f3n<\/strong> (Costa Rica);\u00a0<strong>El Economista<\/strong> (El Salvador),\u00a0<strong> El Tel\u00e9grafo<\/strong> y <strong>El Comercio-Revista L\u00edderes<\/strong> (Ecuador);\u00a0<strong> Milenio<\/strong>, <strong>Expansi\u00f3n<\/strong>, <strong>El Financiero<\/strong>, <strong>Forbes<\/strong>, <strong>Alto Nivel<\/strong> y <strong>Expansi\u00f3n<\/strong> (M\u00e9xico), <strong>El Comercio<\/strong> (Per\u00fa), <strong>Martes Financiero<\/strong> del diario <strong>La Prensa<\/strong> (Panam\u00e1) y <strong>List\u00edn Diario<\/strong>, <strong>Dinero<\/strong> y <strong>Diario Libre<\/strong> (Rep\u00fablica Dominicana).<\/p>\n<p>El certamen cuenta con la colaboraci\u00f3n de CAF-banco de desarrollo de Am\u00e9rica Latina, Iberia, <strong>CNN en espa\u00f1ol<\/strong>, Cinco D\u00edas y Casa de Am\u00e9rica y est\u00e1 previsto que los ganadores sean anunciados en abril de este a\u00f1o. En la edici\u00f3n del a\u00f1o 2016, la revista <strong>Martes Financiero <\/strong><a href=\"https:\/\/www.prensa.com\/economia\/Martes-Financiero-damas-Canal_0_4576042516.html\" target=\"_blank\" rel=\"noopener\">gan\u00f3 el premio de periodismo iberoamericano<\/a> con la serie de reportajes <a href=\"http:\/\/ediciones.martesfinanciero.com\/history\/2016\/06\/21\/default.asp\" target=\"_blank\" rel=\"noopener\">La Dama del Canal<\/a>, que rese\u00f1\u00f3 en 10 entrevistas la labor de la mujer paname\u00f1a en los trabajos de ampliaci\u00f3n del Canal.<\/p>\n","protected":false},"excerpt":{"rendered":"<p>El reportaje Titanes de la aviaci\u00f3n, publicado en la revista <a href=\"https:\/\/sertv.gob.pa\/crisolfm\/reportaje-titanes-de-la-aviacion-finalista-en-premio-de-periodismo-economico-iberoamericano\/\"> [&#8230;]<\/a><\/p>\n","protected":false},"author":64,"featured_media":18126,"comment_status":"closed","ping_status":"closed","sticky":false,"template":"","format":"standard","meta":{"footnotes":""},"categories":[6],"tags":[],"class_list":["post-18124","post","type-post","status-publish","format-standard","has-post-thumbnail","hentry","category-culturales"],"_links":{"self":[{"href":"https:\/\/sertv.gob.pa\/crisolfm\/wp-json\/wp\/v2\/posts\/18124","targetHints":{"allow":["GET"]}}],"collection":[{"href":"https:\/\/sertv.gob.pa\/crisolfm\/wp-json\/wp\/v2\/posts"}],"about":[{"href":"https:\/\/sertv.gob.pa\/crisolfm\/wp-json\/wp\/v2\/types\/post"}],"author":[{"embeddable":true,"href":"https:\/\/sertv.gob.pa\/crisolfm\/wp-json\/wp\/v2\/users\/64"}],"replies":[{"embeddable":true,"href":"https:\/\/sertv.gob.pa\/crisolfm\/wp-json\/wp\/v2\/comments?post=18124"}],"version-history":[{"count":1,"href":"https:\/\/sertv.gob.pa\/crisolfm\/wp-json\/wp\/v2\/posts\/18124\/revisions"}],"predecessor-version":[{"id":18127,"href":"https:\/\/sertv.gob.pa\/crisolfm\/wp-json\/wp\/v2\/posts\/18124\/revisions\/18127"}],"wp:featuredmedia":[{"embeddable":true,"href":"https:\/\/sertv.gob.pa\/crisolfm\/wp-json\/wp\/v2\/media\/18126"}],"wp:attachment":[{"href":"https:\/\/sertv.gob.pa\/crisolfm\/wp-json\/wp\/v2\/media?parent=18124"}],"wp:term":[{"taxonomy":"category","embeddable":true,"href":"https:\/\/sertv.gob.pa\/crisolfm\/wp-json\/wp\/v2\/categories?post=18124"},{"taxonomy":"post_tag","embeddable":true,"href":"https:\/\/sertv.gob.pa\/crisolfm\/wp-json\/wp\/v2\/tags?post=18124"}],"curies":[{"name":"wp","href":"https:\/\/api.w.org\/{rel}","templated":true}]}}