{"id":18144,"date":"2019-03-14T14:32:07","date_gmt":"2019-03-14T14:32:07","guid":{"rendered":"https:\/\/sertv.gob.pa\/crisolfm\/?p=18144"},"modified":"2019-03-14T14:32:07","modified_gmt":"2019-03-14T14:32:07","slug":"cade-2019-se-celebrara-este-15-y-16-de-marzo","status":"publish","type":"post","link":"https:\/\/sertv.gob.pa\/crisolfm\/cade-2019-se-celebrara-este-15-y-16-de-marzo\/","title":{"rendered":"Cade 2019 se celebrar\u00e1 este 15 y 16 de marzo"},"content":{"rendered":"<p>La Conferencia Anual de Ejecutivos 2019 (Cade) se traslada a la regi\u00f3n central de Panam\u00e1. El 15 y 16 de marzo, se realizar\u00e1 en el sal\u00f3n de eventos de la Feria Internacional de Azuero, donde se discutir\u00e1n las propuestas para el denominado Arco Seco, formado por las provincias de Cocl\u00e9, Los Santos, Herrera y Veraguas. \u2018Se abordar\u00e1n temas de patrimonio cultural, territorial, ambiental, turismo, agro y log\u00edstica. Todos los grandes temas nacionales se llevan a las diversas regiones del pa\u00eds y se hace \u00e9nfasis en algunos, dependiendo del perfil del lugar&#8217;, detalla Mercedes Eleta de Brenes, presidenta de la Asociaci\u00f3n Paname\u00f1a de Ejecutivos de Empresa (Apede).<\/p>\n<p>Cade 2019, evento insignia de la Apede, se present\u00f3 al pa\u00eds a comienzos de febrero. Este a\u00f1o se desarrolla bajo el lema \u2018Panam\u00e1, la ruta es el compromiso de todos&#8217;, mediante 4 eventos: tres conferencias regionales y una nacional. El prop\u00f3sito es ser la plataforma que visibilice los documentos regionales y nacionales que conforman la \u2018Visi\u00f3n Pa\u00eds 2050&#8242;.<\/p>\n<p>&nbsp;<\/p>\n","protected":false},"excerpt":{"rendered":"<p>La Conferencia Anual de Ejecutivos 2019 (Cade) se traslada a <a href=\"https:\/\/sertv.gob.pa\/crisolfm\/cade-2019-se-celebrara-este-15-y-16-de-marzo\/\"> [&#8230;]<\/a><\/p>\n","protected":false},"author":64,"featured_media":18146,"comment_status":"closed","ping_status":"closed","sticky":false,"template":"","format":"standard","meta":{"footnotes":""},"categories":[6],"tags":[],"class_list":["post-18144","post","type-post","status-publish","format-standard","has-post-thumbnail","hentry","category-culturales"],"_links":{"self":[{"href":"https:\/\/sertv.gob.pa\/crisolfm\/wp-json\/wp\/v2\/posts\/18144","targetHints":{"allow":["GET"]}}],"collection":[{"href":"https:\/\/sertv.gob.pa\/crisolfm\/wp-json\/wp\/v2\/posts"}],"about":[{"href":"https:\/\/sertv.gob.pa\/crisolfm\/wp-json\/wp\/v2\/types\/post"}],"author":[{"embeddable":true,"href":"https:\/\/sertv.gob.pa\/crisolfm\/wp-json\/wp\/v2\/users\/64"}],"replies":[{"embeddable":true,"href":"https:\/\/sertv.gob.pa\/crisolfm\/wp-json\/wp\/v2\/comments?post=18144"}],"version-history":[{"count":1,"href":"https:\/\/sertv.gob.pa\/crisolfm\/wp-json\/wp\/v2\/posts\/18144\/revisions"}],"predecessor-version":[{"id":18147,"href":"https:\/\/sertv.gob.pa\/crisolfm\/wp-json\/wp\/v2\/posts\/18144\/revisions\/18147"}],"wp:featuredmedia":[{"embeddable":true,"href":"https:\/\/sertv.gob.pa\/crisolfm\/wp-json\/wp\/v2\/media\/18146"}],"wp:attachment":[{"href":"https:\/\/sertv.gob.pa\/crisolfm\/wp-json\/wp\/v2\/media?parent=18144"}],"wp:term":[{"taxonomy":"category","embeddable":true,"href":"https:\/\/sertv.gob.pa\/crisolfm\/wp-json\/wp\/v2\/categories?post=18144"},{"taxonomy":"post_tag","embeddable":true,"href":"https:\/\/sertv.gob.pa\/crisolfm\/wp-json\/wp\/v2\/tags?post=18144"}],"curies":[{"name":"wp","href":"https:\/\/api.w.org\/{rel}","templated":true}]}}