{"id":18153,"date":"2019-03-14T15:15:25","date_gmt":"2019-03-14T15:15:25","guid":{"rendered":"https:\/\/sertv.gob.pa\/crisolfm\/?p=18153"},"modified":"2019-03-14T15:15:25","modified_gmt":"2019-03-14T15:15:25","slug":"las-emisiones-de-carbono-causan-800-000-muertes-al-ano-en-europa","status":"publish","type":"post","link":"https:\/\/sertv.gob.pa\/crisolfm\/las-emisiones-de-carbono-causan-800-000-muertes-al-ano-en-europa\/","title":{"rendered":"Las emisiones de carbono causan 800.000 muertes al a\u00f1o en Europa"},"content":{"rendered":"<p><strong>La contaminaci\u00f3n del aire<\/strong> causa 800.000 muertes adicionales al a\u00f1o en Europa y 8,8 millones en todo el mundo, seg\u00fan un informe llevado a cabo por la Sociedad Europea de Cardiolog\u00eda y que ha sido publicado en el &#8216;European Heart Journal&#8217;. De las muertes en Europa, entre el 40 y el 80 por ciento se debieron a enfermedades cardiovasculares (ECV), como ataques card\u00edacos y accidentes cerebrovasculares. \u00abPara poner esto en perspectiva, esto significa que la contaminaci\u00f3n del aire causa m\u00e1s muertes al a\u00f1o que fumar tabaco\u00bb, han dicho los expertos.<\/p>\n<p>De hecho, prosiguen, el n\u00famero de muertes por enfermedades cardiovasculares que pueden atribuirse a <em>la contaminaci\u00f3n del aire<\/em> es mucho mayor de lo esperado. Y es que, en todo el mundo, los expertos encontraron que la contaminaci\u00f3n del aire es responsable de 120 muertes adicionales por a\u00f1o por cada 100.000 habitantes. En Europa fue a\u00fan mayor, causando 133 y 129 muertes adicionales al a\u00f1o por cada 100.000 personas, respectivamente.<\/p>\n<p>Como resultado de estos hallazgos, los investigadores dicen que los gobiernos nacionales y las agencias internacionales deben tomar medidas urgentes para <strong>reducir la contaminaci\u00f3n del aire<\/strong>, incluida la reevaluaci\u00f3n de la legislaci\u00f3n sobre la calidad del aire y la reducci\u00f3n de los l\u00edmites actuales de la UE en los niveles promedio anuales de contaminaci\u00f3n del aire para que coincidan con las directrices de la Organizaci\u00f3n Mundial de la Salud (OMS).<\/p>\n<p>ECOticias<\/p>\n","protected":false},"excerpt":{"rendered":"<p>La contaminaci\u00f3n del aire causa 800.000 muertes adicionales al a\u00f1o <a href=\"https:\/\/sertv.gob.pa\/crisolfm\/las-emisiones-de-carbono-causan-800-000-muertes-al-ano-en-europa\/\"> [&#8230;]<\/a><\/p>\n","protected":false},"author":64,"featured_media":18155,"comment_status":"closed","ping_status":"closed","sticky":false,"template":"","format":"standard","meta":{"footnotes":""},"categories":[7],"tags":[],"class_list":["post-18153","post","type-post","status-publish","format-standard","has-post-thumbnail","hentry","category-ecologicas"],"_links":{"self":[{"href":"https:\/\/sertv.gob.pa\/crisolfm\/wp-json\/wp\/v2\/posts\/18153","targetHints":{"allow":["GET"]}}],"collection":[{"href":"https:\/\/sertv.gob.pa\/crisolfm\/wp-json\/wp\/v2\/posts"}],"about":[{"href":"https:\/\/sertv.gob.pa\/crisolfm\/wp-json\/wp\/v2\/types\/post"}],"author":[{"embeddable":true,"href":"https:\/\/sertv.gob.pa\/crisolfm\/wp-json\/wp\/v2\/users\/64"}],"replies":[{"embeddable":true,"href":"https:\/\/sertv.gob.pa\/crisolfm\/wp-json\/wp\/v2\/comments?post=18153"}],"version-history":[{"count":1,"href":"https:\/\/sertv.gob.pa\/crisolfm\/wp-json\/wp\/v2\/posts\/18153\/revisions"}],"predecessor-version":[{"id":18156,"href":"https:\/\/sertv.gob.pa\/crisolfm\/wp-json\/wp\/v2\/posts\/18153\/revisions\/18156"}],"wp:featuredmedia":[{"embeddable":true,"href":"https:\/\/sertv.gob.pa\/crisolfm\/wp-json\/wp\/v2\/media\/18155"}],"wp:attachment":[{"href":"https:\/\/sertv.gob.pa\/crisolfm\/wp-json\/wp\/v2\/media?parent=18153"}],"wp:term":[{"taxonomy":"category","embeddable":true,"href":"https:\/\/sertv.gob.pa\/crisolfm\/wp-json\/wp\/v2\/categories?post=18153"},{"taxonomy":"post_tag","embeddable":true,"href":"https:\/\/sertv.gob.pa\/crisolfm\/wp-json\/wp\/v2\/tags?post=18153"}],"curies":[{"name":"wp","href":"https:\/\/api.w.org\/{rel}","templated":true}]}}