{"id":18157,"date":"2019-03-14T15:24:56","date_gmt":"2019-03-14T15:24:56","guid":{"rendered":"https:\/\/sertv.gob.pa\/crisolfm\/?p=18157"},"modified":"2019-03-14T15:24:56","modified_gmt":"2019-03-14T15:24:56","slug":"vida-de-camilo-azuquita-se-proyectara-en-el-iff-panama","status":"publish","type":"post","link":"https:\/\/sertv.gob.pa\/crisolfm\/vida-de-camilo-azuquita-se-proyectara-en-el-iff-panama\/","title":{"rendered":"Vida de Camilo Azuquita se proyectar\u00e1 en el IFF Panam\u00e1"},"content":{"rendered":"<p>El salsero paname\u00f1o Luis Argumedes Berguido, mejor conocido como Camilo Azuquita, quien llev\u00f3 por primera vez el g\u00e9nero de la salsa a Par\u00eds, tendr\u00e1 un homenaje por su trayectoria art\u00edstica en la pantalla grande, en el largometraje documental \u201cAzuquita\u201d, que se exhibir\u00e1 en el Festival Internacional de Cine de Panam\u00e1. Dentro de la producci\u00f3n, colegas y familiares cuentan la influencia que tuvo este m\u00fasico veterano, quien se destac\u00f3 por su voz y letras en Puerto Rico, Francia y Cuba desde los a\u00f1os 70.<\/p>\n<p>El GECU, Grupo Experimental de Cine Universitario dirigido por Jorge Cajar, produjo y desarroll\u00f3 el rodaje de la pel\u00edcula, que cont\u00f3 tambi\u00e9n con el apoyo de la Universidad Iberoamericana Ciudad de M\u00e9xico, un proyecto que naci\u00f3 en 2015.\u00a0La cinta fue filmada en Panam\u00e1 y Puerto Rico, con im\u00e1genes de Par\u00eds y Cuba, donde Azuquita tuvo grandes \u00e9xitos. Cuenta con testimonios de Danilo P\u00e9rez, Roberto Delgado, Rub\u00e9n Blades y Vit\u00edn Paz. El productor A Fern\u00e1ndez cont\u00f3 que, en los pr\u00f3ximos d\u00edas se anunciar\u00e1 la fecha exacta en que se estrenar\u00e1 en el IFF Panam\u00e1, un evento que se celebrar\u00e1 desde el 4 hasta el 10 de abril pr\u00f3ximo.<\/p>\n<p>&nbsp;<\/p>\n<p>&nbsp;<\/p>\n","protected":false},"excerpt":{"rendered":"<p>El salsero paname\u00f1o Luis Argumedes Berguido, mejor conocido como Camilo <a href=\"https:\/\/sertv.gob.pa\/crisolfm\/vida-de-camilo-azuquita-se-proyectara-en-el-iff-panama\/\"> [&#8230;]<\/a><\/p>\n","protected":false},"author":64,"featured_media":18159,"comment_status":"closed","ping_status":"closed","sticky":false,"template":"","format":"standard","meta":{"footnotes":""},"categories":[6],"tags":[],"class_list":["post-18157","post","type-post","status-publish","format-standard","has-post-thumbnail","hentry","category-culturales"],"_links":{"self":[{"href":"https:\/\/sertv.gob.pa\/crisolfm\/wp-json\/wp\/v2\/posts\/18157","targetHints":{"allow":["GET"]}}],"collection":[{"href":"https:\/\/sertv.gob.pa\/crisolfm\/wp-json\/wp\/v2\/posts"}],"about":[{"href":"https:\/\/sertv.gob.pa\/crisolfm\/wp-json\/wp\/v2\/types\/post"}],"author":[{"embeddable":true,"href":"https:\/\/sertv.gob.pa\/crisolfm\/wp-json\/wp\/v2\/users\/64"}],"replies":[{"embeddable":true,"href":"https:\/\/sertv.gob.pa\/crisolfm\/wp-json\/wp\/v2\/comments?post=18157"}],"version-history":[{"count":1,"href":"https:\/\/sertv.gob.pa\/crisolfm\/wp-json\/wp\/v2\/posts\/18157\/revisions"}],"predecessor-version":[{"id":18160,"href":"https:\/\/sertv.gob.pa\/crisolfm\/wp-json\/wp\/v2\/posts\/18157\/revisions\/18160"}],"wp:featuredmedia":[{"embeddable":true,"href":"https:\/\/sertv.gob.pa\/crisolfm\/wp-json\/wp\/v2\/media\/18159"}],"wp:attachment":[{"href":"https:\/\/sertv.gob.pa\/crisolfm\/wp-json\/wp\/v2\/media?parent=18157"}],"wp:term":[{"taxonomy":"category","embeddable":true,"href":"https:\/\/sertv.gob.pa\/crisolfm\/wp-json\/wp\/v2\/categories?post=18157"},{"taxonomy":"post_tag","embeddable":true,"href":"https:\/\/sertv.gob.pa\/crisolfm\/wp-json\/wp\/v2\/tags?post=18157"}],"curies":[{"name":"wp","href":"https:\/\/api.w.org\/{rel}","templated":true}]}}