{"id":18171,"date":"2019-03-15T13:30:31","date_gmt":"2019-03-15T13:30:31","guid":{"rendered":"https:\/\/sertv.gob.pa\/crisolfm\/?p=18171"},"modified":"2019-03-15T13:30:31","modified_gmt":"2019-03-15T13:30:31","slug":"huelga-global-por-el-clima-del-15-de-marzo-un-tsunami-de-sostenibilidad","status":"publish","type":"post","link":"https:\/\/sertv.gob.pa\/crisolfm\/huelga-global-por-el-clima-del-15-de-marzo-un-tsunami-de-sostenibilidad\/","title":{"rendered":"Huelga Global por el Clima del 15 de marzo, un \u2018tsunami\u2019 de sostenibilidad"},"content":{"rendered":"<p>El CREAF lleva 30 a\u00f1os publicando art\u00edculos cient\u00edficos a nivel internacional donde se alerta de los efectos, las causas y los futuros escenarios en un contexto de cambio clim\u00e1tico. El CREAF entiende que la situaci\u00f3n actual es una situaci\u00f3n de emergencia clim\u00e1tica y ambiental, que hay que poner soluciones inmediatas y que <strong>la Huelga Global del Clima <\/strong>es una oportunidad para hacer presi\u00f3n y poner este tema en las agendas pol\u00edticas y medi\u00e1ticas.<\/p>\n<p>Son j\u00f3venes, y por tanto los principales damnificados de la incompetencia y de la inacci\u00f3n de los dirigentes pol\u00edticos ante la emergencia clim\u00e1tica en la que se encuentra el planeta. Su futuro depende de que hoy, sin esperar ni un minuto m\u00e1s, se pongan en marcha pol\u00edticas efectivas para <em>hacer frente al cambio clim\u00e1tico.<\/em> Para intentar mitigar sus efectos. Para adaptarnos a los impactos que ya son irrefrenables. Para mantener un mundo en unas condiciones m\u00ednimas para sobrevivir, para asegurar la convivencia ante la falta de recursos como el agua o la comida que sufriremos en los pr\u00f3ximos a\u00f1os.<\/p>\n<p>Greta Thunberg, la activista sueca de 16 a\u00f1os que promovi\u00f3 la iniciativa de Fridays for Future lo dej\u00f3 muy claro a los pol\u00edticos del Foro Econ\u00f3mico Mundial a finales de enero en Suiza: \u201cNo quiero que tengais esperanza, quiero que entr\u00e9is en p\u00e1nico. Quiero que oigais el miedo que siento cada d\u00eda y despu\u00e9s quiero que actueis\u201c. As\u00ed pues, su mensaje y el de miles de j\u00f3venes en todo el mundo est\u00e1 bien claro. <strong>Ya se conocen las amenazas del cambio clim\u00e1tico<\/strong>, la ciencia lo recuerda cada d\u00eda, no hacen falta m\u00e1s avisos, ni mensajes desde la ciencia para convencer a nadie, es necesario que la pol\u00edtica act\u00fae y que nuestro sistema de consumo y energ\u00e9tico se tiene que descarbonizar lo antes posible. A poder ser, hoy mismo.<\/p>\n<p>ECOticias<\/p>\n","protected":false},"excerpt":{"rendered":"<p>El CREAF lleva 30 a\u00f1os publicando art\u00edculos cient\u00edficos a nivel <a href=\"https:\/\/sertv.gob.pa\/crisolfm\/huelga-global-por-el-clima-del-15-de-marzo-un-tsunami-de-sostenibilidad\/\"> [&#8230;]<\/a><\/p>\n","protected":false},"author":64,"featured_media":18173,"comment_status":"closed","ping_status":"closed","sticky":false,"template":"","format":"standard","meta":{"footnotes":""},"categories":[7],"tags":[],"class_list":["post-18171","post","type-post","status-publish","format-standard","has-post-thumbnail","hentry","category-ecologicas"],"_links":{"self":[{"href":"https:\/\/sertv.gob.pa\/crisolfm\/wp-json\/wp\/v2\/posts\/18171","targetHints":{"allow":["GET"]}}],"collection":[{"href":"https:\/\/sertv.gob.pa\/crisolfm\/wp-json\/wp\/v2\/posts"}],"about":[{"href":"https:\/\/sertv.gob.pa\/crisolfm\/wp-json\/wp\/v2\/types\/post"}],"author":[{"embeddable":true,"href":"https:\/\/sertv.gob.pa\/crisolfm\/wp-json\/wp\/v2\/users\/64"}],"replies":[{"embeddable":true,"href":"https:\/\/sertv.gob.pa\/crisolfm\/wp-json\/wp\/v2\/comments?post=18171"}],"version-history":[{"count":1,"href":"https:\/\/sertv.gob.pa\/crisolfm\/wp-json\/wp\/v2\/posts\/18171\/revisions"}],"predecessor-version":[{"id":18174,"href":"https:\/\/sertv.gob.pa\/crisolfm\/wp-json\/wp\/v2\/posts\/18171\/revisions\/18174"}],"wp:featuredmedia":[{"embeddable":true,"href":"https:\/\/sertv.gob.pa\/crisolfm\/wp-json\/wp\/v2\/media\/18173"}],"wp:attachment":[{"href":"https:\/\/sertv.gob.pa\/crisolfm\/wp-json\/wp\/v2\/media?parent=18171"}],"wp:term":[{"taxonomy":"category","embeddable":true,"href":"https:\/\/sertv.gob.pa\/crisolfm\/wp-json\/wp\/v2\/categories?post=18171"},{"taxonomy":"post_tag","embeddable":true,"href":"https:\/\/sertv.gob.pa\/crisolfm\/wp-json\/wp\/v2\/tags?post=18171"}],"curies":[{"name":"wp","href":"https:\/\/api.w.org\/{rel}","templated":true}]}}