{"id":18175,"date":"2019-03-15T13:41:17","date_gmt":"2019-03-15T13:41:17","guid":{"rendered":"https:\/\/sertv.gob.pa\/crisolfm\/?p=18175"},"modified":"2019-03-15T13:41:17","modified_gmt":"2019-03-15T13:41:17","slug":"aquellos-dos-se-presenta-hoy-en-teatro-anita-villalaz-en-el-marco-de-fae-19","status":"publish","type":"post","link":"https:\/\/sertv.gob.pa\/crisolfm\/aquellos-dos-se-presenta-hoy-en-teatro-anita-villalaz-en-el-marco-de-fae-19\/","title":{"rendered":"\u201cAquellos dos\u201d se presenta hoy en Teatro Anita Villalaz en el marco de FAE 19"},"content":{"rendered":"<p>Los miembros de la compa\u00f1\u00eda Luna Lunera estudiaron juntos su formaci\u00f3n teatral, durante tres a\u00f1os, en el Palacio de las Artes de Brasil. Al final del curso, en el 2001, unieron fuerzas creativas. \u201cEl primer objetivo era continuar con la obra que hab\u00edamos hecho en la escuela, y tambi\u00e9n seguir estudiando, entrenando e investigando juntos\u201d, explica Odilon Esteves, integrante de este colectivo, as\u00ed como uno de los actores del montaje Aquellos dos y tambi\u00e9n codirector de esta pieza que se presenta hoy viernes, a las 7:30 p.m., en el teatro Anita Villalaz, en el marco de la edici\u00f3n novena del Festival de Artes Esc\u00e9nicas de Panam\u00e1 (FAE).<\/p>\n<p>\u201cEstamos content\u00edsimos por presentarnos en el FAE. Hace unos a\u00f1os el festival nos se\u00f1al\u00f3 las ganas de traer Aquellos dos y nosotros, desde entonces, nutrimos muchas expectativas: acercarnos al p\u00fablico paname\u00f1o, conocerlo, saber c\u00f3mo la obra les llega, todo esto nos llena de voluntad\u201d, resalta Esteves.<\/p>\n<p>&nbsp;<\/p>\n<p>&nbsp;<\/p>\n","protected":false},"excerpt":{"rendered":"<p>Los miembros de la compa\u00f1\u00eda Luna Lunera estudiaron juntos su <a href=\"https:\/\/sertv.gob.pa\/crisolfm\/aquellos-dos-se-presenta-hoy-en-teatro-anita-villalaz-en-el-marco-de-fae-19\/\"> [&#8230;]<\/a><\/p>\n","protected":false},"author":64,"featured_media":18177,"comment_status":"closed","ping_status":"closed","sticky":false,"template":"","format":"standard","meta":{"footnotes":""},"categories":[6],"tags":[],"class_list":["post-18175","post","type-post","status-publish","format-standard","has-post-thumbnail","hentry","category-culturales"],"_links":{"self":[{"href":"https:\/\/sertv.gob.pa\/crisolfm\/wp-json\/wp\/v2\/posts\/18175","targetHints":{"allow":["GET"]}}],"collection":[{"href":"https:\/\/sertv.gob.pa\/crisolfm\/wp-json\/wp\/v2\/posts"}],"about":[{"href":"https:\/\/sertv.gob.pa\/crisolfm\/wp-json\/wp\/v2\/types\/post"}],"author":[{"embeddable":true,"href":"https:\/\/sertv.gob.pa\/crisolfm\/wp-json\/wp\/v2\/users\/64"}],"replies":[{"embeddable":true,"href":"https:\/\/sertv.gob.pa\/crisolfm\/wp-json\/wp\/v2\/comments?post=18175"}],"version-history":[{"count":1,"href":"https:\/\/sertv.gob.pa\/crisolfm\/wp-json\/wp\/v2\/posts\/18175\/revisions"}],"predecessor-version":[{"id":18178,"href":"https:\/\/sertv.gob.pa\/crisolfm\/wp-json\/wp\/v2\/posts\/18175\/revisions\/18178"}],"wp:featuredmedia":[{"embeddable":true,"href":"https:\/\/sertv.gob.pa\/crisolfm\/wp-json\/wp\/v2\/media\/18177"}],"wp:attachment":[{"href":"https:\/\/sertv.gob.pa\/crisolfm\/wp-json\/wp\/v2\/media?parent=18175"}],"wp:term":[{"taxonomy":"category","embeddable":true,"href":"https:\/\/sertv.gob.pa\/crisolfm\/wp-json\/wp\/v2\/categories?post=18175"},{"taxonomy":"post_tag","embeddable":true,"href":"https:\/\/sertv.gob.pa\/crisolfm\/wp-json\/wp\/v2\/tags?post=18175"}],"curies":[{"name":"wp","href":"https:\/\/api.w.org\/{rel}","templated":true}]}}