{"id":18183,"date":"2019-03-15T13:54:09","date_gmt":"2019-03-15T13:54:09","guid":{"rendered":"https:\/\/sertv.gob.pa\/crisolfm\/?p=18183"},"modified":"2019-03-15T13:54:09","modified_gmt":"2019-03-15T13:54:09","slug":"recomiendan-emergencia-nacional-por-fenomeno-de-el-nino","status":"publish","type":"post","link":"https:\/\/sertv.gob.pa\/crisolfm\/recomiendan-emergencia-nacional-por-fenomeno-de-el-nino\/","title":{"rendered":"Recomiendan \u201cemergencia nacional\u201d por fen\u00f3meno de El Ni\u00f1o"},"content":{"rendered":"<p>Preocupado por los efectos que pueda ocasionar el Fen\u00f3meno de El Ni\u00f1o, el Instituto de Acueductos y Alcantarillados Nacionales (Idaan) ha recomendado al Consejo de Gabinete que se declare una \u00abemergencia nacional\u00bb. Para tal fin, el Idaan present\u00f3 ante el Consejo de ministros un documento en el que recomienda declarar estado de emergencia nacional.<\/p>\n<p>La iniciativa va encaminada a que se le otorgue la autorizaci\u00f3n para lograr compras m\u00e1s r\u00e1pidas y contemplar los fondos para sufragar los gastos por las medidas necesarias para mitigar los estragos que se puedan generar por los bajos niveles de agua de los r\u00edos.<\/p>\n<p>&nbsp;<\/p>\n","protected":false},"excerpt":{"rendered":"<p>Preocupado por los efectos que pueda ocasionar el Fen\u00f3meno de <a href=\"https:\/\/sertv.gob.pa\/crisolfm\/recomiendan-emergencia-nacional-por-fenomeno-de-el-nino\/\"> [&#8230;]<\/a><\/p>\n","protected":false},"author":64,"featured_media":18185,"comment_status":"closed","ping_status":"closed","sticky":false,"template":"","format":"standard","meta":{"footnotes":""},"categories":[7],"tags":[],"class_list":["post-18183","post","type-post","status-publish","format-standard","has-post-thumbnail","hentry","category-ecologicas"],"_links":{"self":[{"href":"https:\/\/sertv.gob.pa\/crisolfm\/wp-json\/wp\/v2\/posts\/18183","targetHints":{"allow":["GET"]}}],"collection":[{"href":"https:\/\/sertv.gob.pa\/crisolfm\/wp-json\/wp\/v2\/posts"}],"about":[{"href":"https:\/\/sertv.gob.pa\/crisolfm\/wp-json\/wp\/v2\/types\/post"}],"author":[{"embeddable":true,"href":"https:\/\/sertv.gob.pa\/crisolfm\/wp-json\/wp\/v2\/users\/64"}],"replies":[{"embeddable":true,"href":"https:\/\/sertv.gob.pa\/crisolfm\/wp-json\/wp\/v2\/comments?post=18183"}],"version-history":[{"count":1,"href":"https:\/\/sertv.gob.pa\/crisolfm\/wp-json\/wp\/v2\/posts\/18183\/revisions"}],"predecessor-version":[{"id":18186,"href":"https:\/\/sertv.gob.pa\/crisolfm\/wp-json\/wp\/v2\/posts\/18183\/revisions\/18186"}],"wp:featuredmedia":[{"embeddable":true,"href":"https:\/\/sertv.gob.pa\/crisolfm\/wp-json\/wp\/v2\/media\/18185"}],"wp:attachment":[{"href":"https:\/\/sertv.gob.pa\/crisolfm\/wp-json\/wp\/v2\/media?parent=18183"}],"wp:term":[{"taxonomy":"category","embeddable":true,"href":"https:\/\/sertv.gob.pa\/crisolfm\/wp-json\/wp\/v2\/categories?post=18183"},{"taxonomy":"post_tag","embeddable":true,"href":"https:\/\/sertv.gob.pa\/crisolfm\/wp-json\/wp\/v2\/tags?post=18183"}],"curies":[{"name":"wp","href":"https:\/\/api.w.org\/{rel}","templated":true}]}}