{"id":18191,"date":"2019-03-15T14:27:17","date_gmt":"2019-03-15T14:27:17","guid":{"rendered":"https:\/\/sertv.gob.pa\/crisolfm\/?p=18191"},"modified":"2019-03-15T14:27:17","modified_gmt":"2019-03-15T14:27:17","slug":"seis-cintas-nacionales-destacaran-en-el-iff","status":"publish","type":"post","link":"https:\/\/sertv.gob.pa\/crisolfm\/seis-cintas-nacionales-destacaran-en-el-iff\/","title":{"rendered":"Seis cintas nacionales destacar\u00e1n en el IFF"},"content":{"rendered":"<p style=\"text-align: justify\">Se acerca la VIII versi\u00f3n del Festival Internacional de Cine de Panam\u00e1, que se realizar\u00e1 del 4 al 10 de abril de 2019. La productora de este festival, Pituka Ortega, cont\u00f3 que para este a\u00f1o han sido seleccionados para tener el Premio a la Mejor Pel\u00edcula que ser\u00e1 escogido por el jurado de la Federaci\u00f3n Internacional de la Prensa Cinematogr\u00e1fica. \u201cEsto nos habla del crecimiento tan importante que ha tenido el festival en los \u00faltimos a\u00f1os a nivel mundial. Panam\u00e1 se est\u00e1 abriendo espacios en el panorama internacional del cine y reconocimientos como \u00e9ste, constatan que estamos trabajando intensamente en el camino correcto\u201d, recalc\u00f3 Ortega.<\/p>\n<p style=\"text-align: justify\">Destac\u00f3 que los asistentes podr\u00e1n disfrutar de la proyecci\u00f3n de 73 pel\u00edculas programadas, hasta el momento, de las cuales 6 son paname\u00f1as, entre esas: \u201cAzuquita\u201d, \u201cTierra Adentro\u201d, \u201cLa Estaci\u00f3n Seca\u201d, \u201cPanam\u00e1 Radio\u201d y \u201cLos Nietos del Jazz\u201d. Ortega dijo que los asistentes invitados superar\u00e1n las 100 personas. Como todos los a\u00f1os desarrollan diversas celebraciones, talleres educativos, charlas magistrales, entre otros. Todas estas actividades superar\u00edan el mill\u00f3n de d\u00f3lares. De igual forma, reciben una exposici\u00f3n medi\u00e1tica internacional que excede los 5 millones de d\u00f3lares y retorna a la econom\u00eda nacional entre 2.5 a 2.8 millones de d\u00f3lares al a\u00f1o.<\/p>\n<p style=\"text-align: justify\">\n","protected":false},"excerpt":{"rendered":"<p>Se acerca la VIII versi\u00f3n del Festival Internacional de Cine <a href=\"https:\/\/sertv.gob.pa\/crisolfm\/seis-cintas-nacionales-destacaran-en-el-iff\/\"> [&#8230;]<\/a><\/p>\n","protected":false},"author":64,"featured_media":18193,"comment_status":"closed","ping_status":"closed","sticky":false,"template":"","format":"standard","meta":{"footnotes":""},"categories":[6],"tags":[],"class_list":["post-18191","post","type-post","status-publish","format-standard","has-post-thumbnail","hentry","category-culturales"],"_links":{"self":[{"href":"https:\/\/sertv.gob.pa\/crisolfm\/wp-json\/wp\/v2\/posts\/18191","targetHints":{"allow":["GET"]}}],"collection":[{"href":"https:\/\/sertv.gob.pa\/crisolfm\/wp-json\/wp\/v2\/posts"}],"about":[{"href":"https:\/\/sertv.gob.pa\/crisolfm\/wp-json\/wp\/v2\/types\/post"}],"author":[{"embeddable":true,"href":"https:\/\/sertv.gob.pa\/crisolfm\/wp-json\/wp\/v2\/users\/64"}],"replies":[{"embeddable":true,"href":"https:\/\/sertv.gob.pa\/crisolfm\/wp-json\/wp\/v2\/comments?post=18191"}],"version-history":[{"count":1,"href":"https:\/\/sertv.gob.pa\/crisolfm\/wp-json\/wp\/v2\/posts\/18191\/revisions"}],"predecessor-version":[{"id":18194,"href":"https:\/\/sertv.gob.pa\/crisolfm\/wp-json\/wp\/v2\/posts\/18191\/revisions\/18194"}],"wp:featuredmedia":[{"embeddable":true,"href":"https:\/\/sertv.gob.pa\/crisolfm\/wp-json\/wp\/v2\/media\/18193"}],"wp:attachment":[{"href":"https:\/\/sertv.gob.pa\/crisolfm\/wp-json\/wp\/v2\/media?parent=18191"}],"wp:term":[{"taxonomy":"category","embeddable":true,"href":"https:\/\/sertv.gob.pa\/crisolfm\/wp-json\/wp\/v2\/categories?post=18191"},{"taxonomy":"post_tag","embeddable":true,"href":"https:\/\/sertv.gob.pa\/crisolfm\/wp-json\/wp\/v2\/tags?post=18191"}],"curies":[{"name":"wp","href":"https:\/\/api.w.org\/{rel}","templated":true}]}}