{"id":18203,"date":"2019-03-15T15:26:38","date_gmt":"2019-03-15T15:26:38","guid":{"rendered":"https:\/\/sertv.gob.pa\/crisolfm\/?p=18203"},"modified":"2019-03-15T15:26:38","modified_gmt":"2019-03-15T15:26:38","slug":"netflix-retira-de-un-filme-imagenes-de-un-accidente-ferroviario-en-quebec","status":"publish","type":"post","link":"https:\/\/sertv.gob.pa\/crisolfm\/netflix-retira-de-un-filme-imagenes-de-un-accidente-ferroviario-en-quebec\/","title":{"rendered":"Netflix retira de un filme im\u00e1genes de un accidente ferroviario en Qu\u00e9bec"},"content":{"rendered":"<p>El gigante estadounidense Netflix finalmente accedi\u00f3 el jueves a eliminar de su pel\u00edcula \u00abBird Box: a ciegas\u00bb las im\u00e1genes de una tragedia ferroviaria que enlut\u00f3 a Quebec en 2013, disculp\u00e1ndose \u00abpor el dolor causado\u00bb en Canad\u00e1 por haberlas usado.\u00a0\u00a0\u00abNetflix y los realizadores de &#8216;Bird Box&#8217; han decidido reemplazar la secuencia\u00bb, dijo el jueves a la AFP la empresa estadounidense, sin explicar los motivos de este cambio. \u00abLamentamos el dolor causado a la comunidad de Lac-M\u00e9gantic\u00bb.<\/p>\n<p>El gobierno de la provincia franc\u00f3fona hab\u00eda expresado en enero a Netflix su \u00abconsternaci\u00f3n\u00bb por el uso de \u00abim\u00e1genes de la tragedia de Lac-Megantic\u00bb por parte del grupo \u00abcon fines de entretenimiento\u00bb.\u00a0 En julio de 2013, un tren de vagones-cisterna cargados de petr\u00f3leo se descarril\u00f3 y explot\u00f3 en pleno centro de la peque\u00f1a ciudad de Lac-M\u00e9gantic, Quebec, dejando 47 muertos, uno de los peores desastres ferroviarios en la historia de Canad\u00e1.<\/p>\n<p>AFP<\/p>\n","protected":false},"excerpt":{"rendered":"<p>El gigante estadounidense Netflix finalmente accedi\u00f3 el jueves a eliminar <a href=\"https:\/\/sertv.gob.pa\/crisolfm\/netflix-retira-de-un-filme-imagenes-de-un-accidente-ferroviario-en-quebec\/\"> [&#8230;]<\/a><\/p>\n","protected":false},"author":64,"featured_media":18205,"comment_status":"closed","ping_status":"closed","sticky":false,"template":"","format":"standard","meta":{"footnotes":""},"categories":[6],"tags":[],"class_list":["post-18203","post","type-post","status-publish","format-standard","has-post-thumbnail","hentry","category-culturales"],"_links":{"self":[{"href":"https:\/\/sertv.gob.pa\/crisolfm\/wp-json\/wp\/v2\/posts\/18203","targetHints":{"allow":["GET"]}}],"collection":[{"href":"https:\/\/sertv.gob.pa\/crisolfm\/wp-json\/wp\/v2\/posts"}],"about":[{"href":"https:\/\/sertv.gob.pa\/crisolfm\/wp-json\/wp\/v2\/types\/post"}],"author":[{"embeddable":true,"href":"https:\/\/sertv.gob.pa\/crisolfm\/wp-json\/wp\/v2\/users\/64"}],"replies":[{"embeddable":true,"href":"https:\/\/sertv.gob.pa\/crisolfm\/wp-json\/wp\/v2\/comments?post=18203"}],"version-history":[{"count":1,"href":"https:\/\/sertv.gob.pa\/crisolfm\/wp-json\/wp\/v2\/posts\/18203\/revisions"}],"predecessor-version":[{"id":18206,"href":"https:\/\/sertv.gob.pa\/crisolfm\/wp-json\/wp\/v2\/posts\/18203\/revisions\/18206"}],"wp:featuredmedia":[{"embeddable":true,"href":"https:\/\/sertv.gob.pa\/crisolfm\/wp-json\/wp\/v2\/media\/18205"}],"wp:attachment":[{"href":"https:\/\/sertv.gob.pa\/crisolfm\/wp-json\/wp\/v2\/media?parent=18203"}],"wp:term":[{"taxonomy":"category","embeddable":true,"href":"https:\/\/sertv.gob.pa\/crisolfm\/wp-json\/wp\/v2\/categories?post=18203"},{"taxonomy":"post_tag","embeddable":true,"href":"https:\/\/sertv.gob.pa\/crisolfm\/wp-json\/wp\/v2\/tags?post=18203"}],"curies":[{"name":"wp","href":"https:\/\/api.w.org\/{rel}","templated":true}]}}