{"id":18207,"date":"2019-03-15T15:34:35","date_gmt":"2019-03-15T15:34:35","guid":{"rendered":"https:\/\/sertv.gob.pa\/crisolfm\/?p=18207"},"modified":"2019-03-15T15:34:35","modified_gmt":"2019-03-15T15:34:35","slug":"proponen-a-la-activista-sueca-greta-thunberg-para-el-nobel-por-la-paz","status":"publish","type":"post","link":"https:\/\/sertv.gob.pa\/crisolfm\/proponen-a-la-activista-sueca-greta-thunberg-para-el-nobel-por-la-paz\/","title":{"rendered":"Proponen a la activista sueca Greta Thunberg para el Nobel por la Paz"},"content":{"rendered":"<p>La adolescente sueca Greta Thunberg, instigadora de una huelga escolar para pedir acciones contra el cambio clim\u00e1tico, fue propuesta para el Nobel de la Paz 2019, dijo este jueves uno de los tres pol\u00edticos que lanzaron la iniciativa. \u00abPropusimos a Greta Thunberg porque el cambio clim\u00e1tico, si no lo frenamos, ser\u00e1 la principal causa de las guerras, los conflictos y el flujo de refugiados que vendr\u00e1n\u00bb, dijo a la AFP el diputado noruego Freddy Andr\u00e9 \u00d8vsteg\u00e5rd. \u00abGreta Thunberg lanz\u00f3 un movimiento de masas en el que veo, quiz\u00e1s, la principal contribuci\u00f3n a la paz\u00bb, asegur\u00f3.<\/p>\n<p>La joven sueca de 16 a\u00f1os se ha convertido en una figura de la lucha contra el cambio clim\u00e1tico y convoc\u00f3 una \u00abhuelga mundial\u00bb de escolares este viernes para pedir acciones para luchar eficazmente contra el fen\u00f3meno.<\/p>\n<p>AFP<\/p>\n","protected":false},"excerpt":{"rendered":"<p>La adolescente sueca Greta Thunberg, instigadora de una huelga escolar <a href=\"https:\/\/sertv.gob.pa\/crisolfm\/proponen-a-la-activista-sueca-greta-thunberg-para-el-nobel-por-la-paz\/\"> [&#8230;]<\/a><\/p>\n","protected":false},"author":64,"featured_media":18209,"comment_status":"closed","ping_status":"closed","sticky":false,"template":"","format":"standard","meta":{"footnotes":""},"categories":[6],"tags":[],"class_list":["post-18207","post","type-post","status-publish","format-standard","has-post-thumbnail","hentry","category-culturales"],"_links":{"self":[{"href":"https:\/\/sertv.gob.pa\/crisolfm\/wp-json\/wp\/v2\/posts\/18207","targetHints":{"allow":["GET"]}}],"collection":[{"href":"https:\/\/sertv.gob.pa\/crisolfm\/wp-json\/wp\/v2\/posts"}],"about":[{"href":"https:\/\/sertv.gob.pa\/crisolfm\/wp-json\/wp\/v2\/types\/post"}],"author":[{"embeddable":true,"href":"https:\/\/sertv.gob.pa\/crisolfm\/wp-json\/wp\/v2\/users\/64"}],"replies":[{"embeddable":true,"href":"https:\/\/sertv.gob.pa\/crisolfm\/wp-json\/wp\/v2\/comments?post=18207"}],"version-history":[{"count":1,"href":"https:\/\/sertv.gob.pa\/crisolfm\/wp-json\/wp\/v2\/posts\/18207\/revisions"}],"predecessor-version":[{"id":18210,"href":"https:\/\/sertv.gob.pa\/crisolfm\/wp-json\/wp\/v2\/posts\/18207\/revisions\/18210"}],"wp:featuredmedia":[{"embeddable":true,"href":"https:\/\/sertv.gob.pa\/crisolfm\/wp-json\/wp\/v2\/media\/18209"}],"wp:attachment":[{"href":"https:\/\/sertv.gob.pa\/crisolfm\/wp-json\/wp\/v2\/media?parent=18207"}],"wp:term":[{"taxonomy":"category","embeddable":true,"href":"https:\/\/sertv.gob.pa\/crisolfm\/wp-json\/wp\/v2\/categories?post=18207"},{"taxonomy":"post_tag","embeddable":true,"href":"https:\/\/sertv.gob.pa\/crisolfm\/wp-json\/wp\/v2\/tags?post=18207"}],"curies":[{"name":"wp","href":"https:\/\/api.w.org\/{rel}","templated":true}]}}