{"id":18219,"date":"2019-03-15T17:42:24","date_gmt":"2019-03-15T17:42:24","guid":{"rendered":"https:\/\/sertv.gob.pa\/crisolfm\/?p=18219"},"modified":"2019-03-15T17:42:24","modified_gmt":"2019-03-15T17:42:24","slug":"la-feria-internacional-de-david-abre-sus-puertas","status":"publish","type":"post","link":"https:\/\/sertv.gob.pa\/crisolfm\/la-feria-internacional-de-david-abre-sus-puertas\/","title":{"rendered":"La Feria Internacional de David abre sus puertas"},"content":{"rendered":"<p>La sexag\u00e9sima cuarta versi\u00f3n de la Feria Internacional de San Jos\u00e9 de David fue inaugurada la noche del jueves 14 de marzo.\u00a0 Cada a\u00f1o asisten a este evento ferial m\u00e1s de 300 mil personas y genera un movimiento econ\u00f3mico de aproximadamente 40 millones de d\u00f3lares.<\/p>\n<p>Al inaugurar esta feria, el presidente paname\u00f1o Juan Carlos Varela describi\u00f3 esta actividad \u00abcomo la vitrina agroindustrial y comercial de Panam\u00e1\u00bb.\u00a0 La feria se extender\u00e1 hasta el domingo 24 de marzo pr\u00f3ximo.<\/p>\n<p>&nbsp;<\/p>\n<p>&nbsp;<\/p>\n","protected":false},"excerpt":{"rendered":"<p>La sexag\u00e9sima cuarta versi\u00f3n de la Feria Internacional de San <a href=\"https:\/\/sertv.gob.pa\/crisolfm\/la-feria-internacional-de-david-abre-sus-puertas\/\"> [&#8230;]<\/a><\/p>\n","protected":false},"author":64,"featured_media":18221,"comment_status":"closed","ping_status":"closed","sticky":false,"template":"","format":"standard","meta":{"footnotes":""},"categories":[6],"tags":[],"class_list":["post-18219","post","type-post","status-publish","format-standard","has-post-thumbnail","hentry","category-culturales"],"_links":{"self":[{"href":"https:\/\/sertv.gob.pa\/crisolfm\/wp-json\/wp\/v2\/posts\/18219","targetHints":{"allow":["GET"]}}],"collection":[{"href":"https:\/\/sertv.gob.pa\/crisolfm\/wp-json\/wp\/v2\/posts"}],"about":[{"href":"https:\/\/sertv.gob.pa\/crisolfm\/wp-json\/wp\/v2\/types\/post"}],"author":[{"embeddable":true,"href":"https:\/\/sertv.gob.pa\/crisolfm\/wp-json\/wp\/v2\/users\/64"}],"replies":[{"embeddable":true,"href":"https:\/\/sertv.gob.pa\/crisolfm\/wp-json\/wp\/v2\/comments?post=18219"}],"version-history":[{"count":1,"href":"https:\/\/sertv.gob.pa\/crisolfm\/wp-json\/wp\/v2\/posts\/18219\/revisions"}],"predecessor-version":[{"id":18222,"href":"https:\/\/sertv.gob.pa\/crisolfm\/wp-json\/wp\/v2\/posts\/18219\/revisions\/18222"}],"wp:featuredmedia":[{"embeddable":true,"href":"https:\/\/sertv.gob.pa\/crisolfm\/wp-json\/wp\/v2\/media\/18221"}],"wp:attachment":[{"href":"https:\/\/sertv.gob.pa\/crisolfm\/wp-json\/wp\/v2\/media?parent=18219"}],"wp:term":[{"taxonomy":"category","embeddable":true,"href":"https:\/\/sertv.gob.pa\/crisolfm\/wp-json\/wp\/v2\/categories?post=18219"},{"taxonomy":"post_tag","embeddable":true,"href":"https:\/\/sertv.gob.pa\/crisolfm\/wp-json\/wp\/v2\/tags?post=18219"}],"curies":[{"name":"wp","href":"https:\/\/api.w.org\/{rel}","templated":true}]}}