{"id":18223,"date":"2019-03-15T17:44:43","date_gmt":"2019-03-15T17:44:43","guid":{"rendered":"https:\/\/sertv.gob.pa\/crisolfm\/?p=18223"},"modified":"2019-03-15T17:44:43","modified_gmt":"2019-03-15T17:44:43","slug":"alrededor-de-3408-hectareas-en-cocle-consumidas-por-incendios-de-masa-vegetal","status":"publish","type":"post","link":"https:\/\/sertv.gob.pa\/crisolfm\/alrededor-de-3408-hectareas-en-cocle-consumidas-por-incendios-de-masa-vegetal\/","title":{"rendered":"Alrededor de 3,408 hect\u00e1reas en Cocl\u00e9 consumidas por incendios de masa vegetal"},"content":{"rendered":"<p>El Coronel Roderick Salcedo, de la regional de Cocl\u00e9 del Benem\u00e9rito Cuerpo de Bomberos detallo que en lo que va del a\u00f1o el personal que se encarga de los Incendios de Masa Vegetal (IMAVE) ha atendido 496 casos en la provincia.<\/p>\n<p>En el mes de enero se extinguieron 191, en febrero la cifra lleg\u00f3 a 203, mientras que en lo que va de marzo han trabajado en 102 casos. \u201cSolo en las \u00faltimas 48 horas se atendieron 17\u201d, detall\u00f3 jefe de la regi\u00f3n coclesana; lo que ha afectado en total cerca de 3,408.88 hect\u00e1reas.<\/p>\n<p>&nbsp;<\/p>\n<p>&nbsp;<\/p>\n","protected":false},"excerpt":{"rendered":"<p>El Coronel Roderick Salcedo, de la regional de Cocl\u00e9 del <a href=\"https:\/\/sertv.gob.pa\/crisolfm\/alrededor-de-3408-hectareas-en-cocle-consumidas-por-incendios-de-masa-vegetal\/\"> [&#8230;]<\/a><\/p>\n","protected":false},"author":64,"featured_media":18225,"comment_status":"closed","ping_status":"closed","sticky":false,"template":"","format":"standard","meta":{"footnotes":""},"categories":[7],"tags":[],"class_list":["post-18223","post","type-post","status-publish","format-standard","has-post-thumbnail","hentry","category-ecologicas"],"_links":{"self":[{"href":"https:\/\/sertv.gob.pa\/crisolfm\/wp-json\/wp\/v2\/posts\/18223","targetHints":{"allow":["GET"]}}],"collection":[{"href":"https:\/\/sertv.gob.pa\/crisolfm\/wp-json\/wp\/v2\/posts"}],"about":[{"href":"https:\/\/sertv.gob.pa\/crisolfm\/wp-json\/wp\/v2\/types\/post"}],"author":[{"embeddable":true,"href":"https:\/\/sertv.gob.pa\/crisolfm\/wp-json\/wp\/v2\/users\/64"}],"replies":[{"embeddable":true,"href":"https:\/\/sertv.gob.pa\/crisolfm\/wp-json\/wp\/v2\/comments?post=18223"}],"version-history":[{"count":1,"href":"https:\/\/sertv.gob.pa\/crisolfm\/wp-json\/wp\/v2\/posts\/18223\/revisions"}],"predecessor-version":[{"id":18226,"href":"https:\/\/sertv.gob.pa\/crisolfm\/wp-json\/wp\/v2\/posts\/18223\/revisions\/18226"}],"wp:featuredmedia":[{"embeddable":true,"href":"https:\/\/sertv.gob.pa\/crisolfm\/wp-json\/wp\/v2\/media\/18225"}],"wp:attachment":[{"href":"https:\/\/sertv.gob.pa\/crisolfm\/wp-json\/wp\/v2\/media?parent=18223"}],"wp:term":[{"taxonomy":"category","embeddable":true,"href":"https:\/\/sertv.gob.pa\/crisolfm\/wp-json\/wp\/v2\/categories?post=18223"},{"taxonomy":"post_tag","embeddable":true,"href":"https:\/\/sertv.gob.pa\/crisolfm\/wp-json\/wp\/v2\/tags?post=18223"}],"curies":[{"name":"wp","href":"https:\/\/api.w.org\/{rel}","templated":true}]}}