{"id":18231,"date":"2019-03-18T13:28:44","date_gmt":"2019-03-18T13:28:44","guid":{"rendered":"https:\/\/sertv.gob.pa\/crisolfm\/?p=18231"},"modified":"2019-03-18T13:28:44","modified_gmt":"2019-03-18T13:28:44","slug":"en-el-casco-antiguo-artistas-participan-del-desfile-de-artes-escenicas","status":"publish","type":"post","link":"https:\/\/sertv.gob.pa\/crisolfm\/en-el-casco-antiguo-artistas-participan-del-desfile-de-artes-escenicas\/","title":{"rendered":"En el Casco Antiguo artistas participan del desfile de artes esc\u00e9nicas"},"content":{"rendered":"<p>Artistas de Costa Rica y Panam\u00e1 se concentraron la tarde de este domingo en el Casco Antiguo para participar del vistoso desfile de zancos, magia, circo, teatro y danza. La actividad forma parte de la novena versi\u00f3n del Festival Internacional de Artes Esc\u00e9nicas de Panam\u00e1, uno de los m\u00e1s importantes eventos del teatro y la danza contempor\u00e1nea del pa\u00eds.<\/p>\n<p>La actividad tiene como objetivo que las personas que no cuenten con los recursos para asistir a una sala teatral, puedan hacerlo al aire libre y gratis. La novena edici\u00f3n del FAE empez\u00f3 el jueves pasado con la presentaci\u00f3n de la obra \u00abMe llamo Suleim\u00e1n\u00bb, del colectivo espa\u00f1ol \u00abUna hora menos\u00bb y finaliza\u00a0este 20 de marzo.<\/p>\n<p>&nbsp;<\/p>\n","protected":false},"excerpt":{"rendered":"<p>Artistas de Costa Rica y Panam\u00e1 se concentraron la tarde <a href=\"https:\/\/sertv.gob.pa\/crisolfm\/en-el-casco-antiguo-artistas-participan-del-desfile-de-artes-escenicas\/\"> [&#8230;]<\/a><\/p>\n","protected":false},"author":64,"featured_media":18233,"comment_status":"closed","ping_status":"closed","sticky":false,"template":"","format":"standard","meta":{"footnotes":""},"categories":[6],"tags":[],"class_list":["post-18231","post","type-post","status-publish","format-standard","has-post-thumbnail","hentry","category-culturales"],"_links":{"self":[{"href":"https:\/\/sertv.gob.pa\/crisolfm\/wp-json\/wp\/v2\/posts\/18231","targetHints":{"allow":["GET"]}}],"collection":[{"href":"https:\/\/sertv.gob.pa\/crisolfm\/wp-json\/wp\/v2\/posts"}],"about":[{"href":"https:\/\/sertv.gob.pa\/crisolfm\/wp-json\/wp\/v2\/types\/post"}],"author":[{"embeddable":true,"href":"https:\/\/sertv.gob.pa\/crisolfm\/wp-json\/wp\/v2\/users\/64"}],"replies":[{"embeddable":true,"href":"https:\/\/sertv.gob.pa\/crisolfm\/wp-json\/wp\/v2\/comments?post=18231"}],"version-history":[{"count":1,"href":"https:\/\/sertv.gob.pa\/crisolfm\/wp-json\/wp\/v2\/posts\/18231\/revisions"}],"predecessor-version":[{"id":18234,"href":"https:\/\/sertv.gob.pa\/crisolfm\/wp-json\/wp\/v2\/posts\/18231\/revisions\/18234"}],"wp:featuredmedia":[{"embeddable":true,"href":"https:\/\/sertv.gob.pa\/crisolfm\/wp-json\/wp\/v2\/media\/18233"}],"wp:attachment":[{"href":"https:\/\/sertv.gob.pa\/crisolfm\/wp-json\/wp\/v2\/media?parent=18231"}],"wp:term":[{"taxonomy":"category","embeddable":true,"href":"https:\/\/sertv.gob.pa\/crisolfm\/wp-json\/wp\/v2\/categories?post=18231"},{"taxonomy":"post_tag","embeddable":true,"href":"https:\/\/sertv.gob.pa\/crisolfm\/wp-json\/wp\/v2\/tags?post=18231"}],"curies":[{"name":"wp","href":"https:\/\/api.w.org\/{rel}","templated":true}]}}