{"id":18239,"date":"2019-03-18T13:48:20","date_gmt":"2019-03-18T13:48:20","guid":{"rendered":"https:\/\/sertv.gob.pa\/crisolfm\/?p=18239"},"modified":"2019-03-18T13:48:20","modified_gmt":"2019-03-18T13:48:20","slug":"hbo-estrenara-documental-de-ruben-blades-este-25-de-marzo","status":"publish","type":"post","link":"https:\/\/sertv.gob.pa\/crisolfm\/hbo-estrenara-documental-de-ruben-blades-este-25-de-marzo\/","title":{"rendered":"HBO estrenar\u00e1 documental de Rub\u00e9n Blades este 25 de marzo"},"content":{"rendered":"<p>HBO anunci\u00f3 que estrenar\u00e1 el pr\u00f3ximo 25 de marzo un documental que explora la historia, el legado y las canciones del cantautor de salsa Rub\u00e9n Blades. \u00a0Dirigido por el paname\u00f1o Abner Benaim, \u201cYo no me llamo Rub\u00e9n Blades\u201d presentar\u00e1 entrevistas con el cantante, as\u00ed como con otros artistas como: Sting, Paul Simon, Residente, Gilberto Santa Rosa, Junot D\u00edaz, Larry Harlow, Danilo P\u00e9rez, Ismael Miranda y Andy Monta\u00f1ez.<\/p>\n<p>Con 8 premios Grammy y 5 Grammy Latino, Rub\u00e9n Blades es considerado un \u00edcono en su natal Panam\u00e1, destac\u00f3 el canal de paga mediante un comunicado. Adem\u00e1s, su m\u00fasica igualmente ha conquistado el coraz\u00f3n de fan\u00e1ticos en todo el mundo con \u00e9xitos como \u201cPedro Navaja\u201d, \u201cAmor y control y \u201cEl cantante\u201d, esta \u00faltima se hizo famosa, gracias al artista puertorrique\u00f1o H\u00e9ctor Lavoe.<\/p>\n<p>&nbsp;<\/p>\n<p>&nbsp;<\/p>\n","protected":false},"excerpt":{"rendered":"<p>HBO anunci\u00f3 que estrenar\u00e1 el pr\u00f3ximo 25 de marzo un <a href=\"https:\/\/sertv.gob.pa\/crisolfm\/hbo-estrenara-documental-de-ruben-blades-este-25-de-marzo\/\"> [&#8230;]<\/a><\/p>\n","protected":false},"author":64,"featured_media":18241,"comment_status":"closed","ping_status":"closed","sticky":false,"template":"","format":"standard","meta":{"footnotes":""},"categories":[6],"tags":[],"class_list":["post-18239","post","type-post","status-publish","format-standard","has-post-thumbnail","hentry","category-culturales"],"_links":{"self":[{"href":"https:\/\/sertv.gob.pa\/crisolfm\/wp-json\/wp\/v2\/posts\/18239","targetHints":{"allow":["GET"]}}],"collection":[{"href":"https:\/\/sertv.gob.pa\/crisolfm\/wp-json\/wp\/v2\/posts"}],"about":[{"href":"https:\/\/sertv.gob.pa\/crisolfm\/wp-json\/wp\/v2\/types\/post"}],"author":[{"embeddable":true,"href":"https:\/\/sertv.gob.pa\/crisolfm\/wp-json\/wp\/v2\/users\/64"}],"replies":[{"embeddable":true,"href":"https:\/\/sertv.gob.pa\/crisolfm\/wp-json\/wp\/v2\/comments?post=18239"}],"version-history":[{"count":1,"href":"https:\/\/sertv.gob.pa\/crisolfm\/wp-json\/wp\/v2\/posts\/18239\/revisions"}],"predecessor-version":[{"id":18242,"href":"https:\/\/sertv.gob.pa\/crisolfm\/wp-json\/wp\/v2\/posts\/18239\/revisions\/18242"}],"wp:featuredmedia":[{"embeddable":true,"href":"https:\/\/sertv.gob.pa\/crisolfm\/wp-json\/wp\/v2\/media\/18241"}],"wp:attachment":[{"href":"https:\/\/sertv.gob.pa\/crisolfm\/wp-json\/wp\/v2\/media?parent=18239"}],"wp:term":[{"taxonomy":"category","embeddable":true,"href":"https:\/\/sertv.gob.pa\/crisolfm\/wp-json\/wp\/v2\/categories?post=18239"},{"taxonomy":"post_tag","embeddable":true,"href":"https:\/\/sertv.gob.pa\/crisolfm\/wp-json\/wp\/v2\/tags?post=18239"}],"curies":[{"name":"wp","href":"https:\/\/api.w.org\/{rel}","templated":true}]}}