{"id":18243,"date":"2019-03-18T13:57:44","date_gmt":"2019-03-18T13:57:44","guid":{"rendered":"https:\/\/sertv.gob.pa\/crisolfm\/?p=18243"},"modified":"2019-03-18T13:57:44","modified_gmt":"2019-03-18T13:57:44","slug":"nenette-la-orangutana-pintora-que-cumple-50-anos-en-el-zoo-de-paris","status":"publish","type":"post","link":"https:\/\/sertv.gob.pa\/crisolfm\/nenette-la-orangutana-pintora-que-cumple-50-anos-en-el-zoo-de-paris\/","title":{"rendered":"N\u00e9nette, la orangutana \u00abpintora\u00bb que cumple 50 a\u00f1os en el zoo de Par\u00eds"},"content":{"rendered":"<p>El vello de su barbilla empieza a blanquear y sus gestos son lentos. La orangutana N\u00e9nette, estrella del hist\u00f3rico zoo del Jard\u00edn de Plantas de Par\u00eds, celebra su medio siglo este a\u00f1o, una edad muy respetable para su especie. Este viernes, N\u00e9nette tiene taller de pintura. Agarra la paleta preparada por un cuidador y con la boca selecciona los colores. Luego, con un dedo, dibuja trazos sobre el cristal que la separa del p\u00fablico y frota su obra con paja. La orangutana tambi\u00e9n puede pintar sobre papel.<\/p>\n<p>N\u00e9nette es ahora una abuela, con una longevidad destacable para un ejemplar nacido en la jungla. La esperanza de vida de los orangutanes es de 30 a 45 a\u00f1os en la naturaleza y hasta 60 en cautividad. Si bien con sus 110 cent\u00edmetros de altura no es muy grande, pese entre 65 y 70 kilos y su fuerza muscular es considerable. Pero la orangutana \u00abcambi\u00f3 en la \u00faltima d\u00e9cada y ahora es m\u00e1s tranquila\u00bb. \u00abAlcanz\u00f3 la edad de la sabidur\u00eda\u00bb, seg\u00fan su cuidadora. Tuvo tres parejas. Sus cuatro hijos murieron, pero es abuela. Hasta 2015, fue la l\u00edder del grupo de orangutanes en La M\u00e9nagerie, dominados a hora por otra hembra y un macho. Dispone de un espacio independiente del resto. En 2007, fue operada de un grave absceso en el abdomen. Sufre hipotiroidismo y toma el mismo sustitutivo hormonal que los humanos. N\u00e9nette tiene adem\u00e1s artrosis en su cadera. \u00abLa tratamos como a una anciana\u201d.<\/p>\n<p>AFP<\/p>\n","protected":false},"excerpt":{"rendered":"<p>El vello de su barbilla empieza a blanquear y sus <a href=\"https:\/\/sertv.gob.pa\/crisolfm\/nenette-la-orangutana-pintora-que-cumple-50-anos-en-el-zoo-de-paris\/\"> [&#8230;]<\/a><\/p>\n","protected":false},"author":64,"featured_media":18246,"comment_status":"closed","ping_status":"closed","sticky":false,"template":"","format":"standard","meta":{"footnotes":""},"categories":[7],"tags":[],"class_list":["post-18243","post","type-post","status-publish","format-standard","has-post-thumbnail","hentry","category-ecologicas"],"_links":{"self":[{"href":"https:\/\/sertv.gob.pa\/crisolfm\/wp-json\/wp\/v2\/posts\/18243","targetHints":{"allow":["GET"]}}],"collection":[{"href":"https:\/\/sertv.gob.pa\/crisolfm\/wp-json\/wp\/v2\/posts"}],"about":[{"href":"https:\/\/sertv.gob.pa\/crisolfm\/wp-json\/wp\/v2\/types\/post"}],"author":[{"embeddable":true,"href":"https:\/\/sertv.gob.pa\/crisolfm\/wp-json\/wp\/v2\/users\/64"}],"replies":[{"embeddable":true,"href":"https:\/\/sertv.gob.pa\/crisolfm\/wp-json\/wp\/v2\/comments?post=18243"}],"version-history":[{"count":1,"href":"https:\/\/sertv.gob.pa\/crisolfm\/wp-json\/wp\/v2\/posts\/18243\/revisions"}],"predecessor-version":[{"id":18247,"href":"https:\/\/sertv.gob.pa\/crisolfm\/wp-json\/wp\/v2\/posts\/18243\/revisions\/18247"}],"wp:featuredmedia":[{"embeddable":true,"href":"https:\/\/sertv.gob.pa\/crisolfm\/wp-json\/wp\/v2\/media\/18246"}],"wp:attachment":[{"href":"https:\/\/sertv.gob.pa\/crisolfm\/wp-json\/wp\/v2\/media?parent=18243"}],"wp:term":[{"taxonomy":"category","embeddable":true,"href":"https:\/\/sertv.gob.pa\/crisolfm\/wp-json\/wp\/v2\/categories?post=18243"},{"taxonomy":"post_tag","embeddable":true,"href":"https:\/\/sertv.gob.pa\/crisolfm\/wp-json\/wp\/v2\/tags?post=18243"}],"curies":[{"name":"wp","href":"https:\/\/api.w.org\/{rel}","templated":true}]}}