{"id":18252,"date":"2019-03-18T14:17:19","date_gmt":"2019-03-18T14:17:19","guid":{"rendered":"https:\/\/sertv.gob.pa\/crisolfm\/?p=18252"},"modified":"2019-03-18T14:17:19","modified_gmt":"2019-03-18T14:17:19","slug":"clamoroso-exito-de-la-concentracion-juvenil-contra-el-cambio-climatico","status":"publish","type":"post","link":"https:\/\/sertv.gob.pa\/crisolfm\/clamoroso-exito-de-la-concentracion-juvenil-contra-el-cambio-climatico\/","title":{"rendered":"Clamoroso \u00e9xito de la concentraci\u00f3n juvenil contra el cambio clim\u00e1tico"},"content":{"rendered":"<p style=\"text-align: justify\">Miles de j\u00f3venes se han manifestado este viernes 15 de marzo en el centro de Madrid para secundar la huelga mundial estudiantil por el clima, promovida por el movimiento internacional &#8216;Fridays for future&#8217;, y que ha convocado movilizaciones en m\u00e1s de 100 pa\u00edses de todos <strong>los continentes alentadas por la joven activista<\/strong> sueca Greta Thunberg.<\/p>\n<p style=\"text-align: justify\">\u00abNi un grado m\u00e1s, ni una especie menos\u00bb o \u00abSin planeta no hay futuro\u00bb han sido algunas de las consignas que han entonado los estudiantes congregados en el centro de la capital, en una manifestaci\u00f3n que ha acaparado el Sindicato de Estudiantes dirigiendo las consignas de la marcha con un cami\u00f3n de megafon\u00eda. Seg\u00fan este sindicato, la manifestaci\u00f3n en la capital ha estado secundada por cerca de 50.000 asistentes, cifra rebajada a 4.500 seg\u00fan datos de la Polic\u00eda Nacional facilitados por la Delegaci\u00f3n de Gobierno de Madrid a Europa Press.<\/p>\n<p style=\"text-align: justify\">En el \u00e1mbito internacional, m\u00e1s de 15.000 cient\u00edficos de varios pa\u00edses de Europa y de Estados Unidos han mostrado su apoyo al movimiento &#8216;Fridays for future&#8217;. Los primeros en sumarse fueron los m\u00e1s de 12.000 cient\u00edficos alemanes, austriacos y suizos, que han firmado un manifiesto conjunto en el que respaldan el movimiento juvenil, que ma\u00f1ana se manifestar\u00e1 en m\u00e1s de 1.300 ciudades de todo el mundo.<\/p>\n<p style=\"text-align: justify\">ECOticias<\/p>\n","protected":false},"excerpt":{"rendered":"<p>Miles de j\u00f3venes se han manifestado este viernes 15 de <a href=\"https:\/\/sertv.gob.pa\/crisolfm\/clamoroso-exito-de-la-concentracion-juvenil-contra-el-cambio-climatico\/\"> [&#8230;]<\/a><\/p>\n","protected":false},"author":64,"featured_media":18254,"comment_status":"closed","ping_status":"closed","sticky":false,"template":"","format":"standard","meta":{"footnotes":""},"categories":[7],"tags":[],"class_list":["post-18252","post","type-post","status-publish","format-standard","has-post-thumbnail","hentry","category-ecologicas"],"_links":{"self":[{"href":"https:\/\/sertv.gob.pa\/crisolfm\/wp-json\/wp\/v2\/posts\/18252","targetHints":{"allow":["GET"]}}],"collection":[{"href":"https:\/\/sertv.gob.pa\/crisolfm\/wp-json\/wp\/v2\/posts"}],"about":[{"href":"https:\/\/sertv.gob.pa\/crisolfm\/wp-json\/wp\/v2\/types\/post"}],"author":[{"embeddable":true,"href":"https:\/\/sertv.gob.pa\/crisolfm\/wp-json\/wp\/v2\/users\/64"}],"replies":[{"embeddable":true,"href":"https:\/\/sertv.gob.pa\/crisolfm\/wp-json\/wp\/v2\/comments?post=18252"}],"version-history":[{"count":1,"href":"https:\/\/sertv.gob.pa\/crisolfm\/wp-json\/wp\/v2\/posts\/18252\/revisions"}],"predecessor-version":[{"id":18255,"href":"https:\/\/sertv.gob.pa\/crisolfm\/wp-json\/wp\/v2\/posts\/18252\/revisions\/18255"}],"wp:featuredmedia":[{"embeddable":true,"href":"https:\/\/sertv.gob.pa\/crisolfm\/wp-json\/wp\/v2\/media\/18254"}],"wp:attachment":[{"href":"https:\/\/sertv.gob.pa\/crisolfm\/wp-json\/wp\/v2\/media?parent=18252"}],"wp:term":[{"taxonomy":"category","embeddable":true,"href":"https:\/\/sertv.gob.pa\/crisolfm\/wp-json\/wp\/v2\/categories?post=18252"},{"taxonomy":"post_tag","embeddable":true,"href":"https:\/\/sertv.gob.pa\/crisolfm\/wp-json\/wp\/v2\/tags?post=18252"}],"curies":[{"name":"wp","href":"https:\/\/api.w.org\/{rel}","templated":true}]}}