{"id":18275,"date":"2019-03-18T15:39:04","date_gmt":"2019-03-18T15:39:04","guid":{"rendered":"https:\/\/sertv.gob.pa\/crisolfm\/?p=18275"},"modified":"2019-03-18T15:39:04","modified_gmt":"2019-03-18T15:39:04","slug":"macrofest-del-19-al-24-de-marzo-de-2019","status":"publish","type":"post","link":"https:\/\/sertv.gob.pa\/crisolfm\/macrofest-del-19-al-24-de-marzo-de-2019\/","title":{"rendered":"Macrofest del 19 al 24 de marzo de 2019"},"content":{"rendered":"<p>Este a\u00f1o Macrofest ser\u00e1 del 19 al 24 de marzo de 2019, extendi\u00e9ndose por varios sitios del<strong> Casco Antigu<\/strong>o, junto con el tradicional cierre de la Plaza V Centenario. Alessandra Bueno, miembro de la producci\u00f3n, indica que los dos objetivos principales del Macrofest son \u201cservir como espacio para que todo el p\u00fablico tenga la posibilidad de pasar un buen rato, disfrutando de las varias vertientes del arte y la creatividad\u201d y en segunda estancia en el \u201cimpulso de los artistas y emprendedores locales\u201d.<\/p>\n<p>Durante los d\u00edas del evento el p\u00fablico disfrutar\u00e1 de exposiciones de pinturas, esculturas e ilustraciones, junto con animaciones, cortometrajes y otro tipo de propuestas, en el Pop Up Galery, en la Plaza V Centenario, en una uni\u00f3n entre lo cl\u00e1sico y lo moderno. Mientras que los que buscan un lugar para compartir experiencias est\u00e1 el <strong>Playground<\/strong> del hotel Selina de Casco Viejo, del d\u00eda 19 al 21, que servir\u00e1 de escenario para las Macro Talks, donde creativos y entusiastas culturales tomar\u00e1n el micr\u00f3fono para interactuar con los asistentes.<\/p>\n<p>La moda igualmente tendr\u00e1 su lugar. El 20 la Casa de la Municipalidad se abrir\u00e1 a la costura con los desfiles de los dise\u00f1adores Ver\u00f3nica \u00c1ngel, Jos\u00e9 D\u00edaz y Christian Olarte. M\u00fasicos como Cienfue, Carlos M\u00e9ndez y Monalissa &amp; Rodrigo, entre otros, le dar\u00e1n el ambiente al evento del 23 al 24, en la Plaza V Centenario.<\/p>\n<p>&nbsp;<\/p>\n","protected":false},"excerpt":{"rendered":"<p>Este a\u00f1o Macrofest ser\u00e1 del 19 al 24 de marzo <a href=\"https:\/\/sertv.gob.pa\/crisolfm\/macrofest-del-19-al-24-de-marzo-de-2019\/\"> [&#8230;]<\/a><\/p>\n","protected":false},"author":64,"featured_media":18277,"comment_status":"closed","ping_status":"closed","sticky":false,"template":"","format":"standard","meta":{"footnotes":""},"categories":[6],"tags":[],"class_list":["post-18275","post","type-post","status-publish","format-standard","has-post-thumbnail","hentry","category-culturales"],"_links":{"self":[{"href":"https:\/\/sertv.gob.pa\/crisolfm\/wp-json\/wp\/v2\/posts\/18275","targetHints":{"allow":["GET"]}}],"collection":[{"href":"https:\/\/sertv.gob.pa\/crisolfm\/wp-json\/wp\/v2\/posts"}],"about":[{"href":"https:\/\/sertv.gob.pa\/crisolfm\/wp-json\/wp\/v2\/types\/post"}],"author":[{"embeddable":true,"href":"https:\/\/sertv.gob.pa\/crisolfm\/wp-json\/wp\/v2\/users\/64"}],"replies":[{"embeddable":true,"href":"https:\/\/sertv.gob.pa\/crisolfm\/wp-json\/wp\/v2\/comments?post=18275"}],"version-history":[{"count":1,"href":"https:\/\/sertv.gob.pa\/crisolfm\/wp-json\/wp\/v2\/posts\/18275\/revisions"}],"predecessor-version":[{"id":18278,"href":"https:\/\/sertv.gob.pa\/crisolfm\/wp-json\/wp\/v2\/posts\/18275\/revisions\/18278"}],"wp:featuredmedia":[{"embeddable":true,"href":"https:\/\/sertv.gob.pa\/crisolfm\/wp-json\/wp\/v2\/media\/18277"}],"wp:attachment":[{"href":"https:\/\/sertv.gob.pa\/crisolfm\/wp-json\/wp\/v2\/media?parent=18275"}],"wp:term":[{"taxonomy":"category","embeddable":true,"href":"https:\/\/sertv.gob.pa\/crisolfm\/wp-json\/wp\/v2\/categories?post=18275"},{"taxonomy":"post_tag","embeddable":true,"href":"https:\/\/sertv.gob.pa\/crisolfm\/wp-json\/wp\/v2\/tags?post=18275"}],"curies":[{"name":"wp","href":"https:\/\/api.w.org\/{rel}","templated":true}]}}