{"id":18283,"date":"2019-03-19T13:15:19","date_gmt":"2019-03-19T13:15:19","guid":{"rendered":"https:\/\/sertv.gob.pa\/crisolfm\/?p=18283"},"modified":"2019-03-19T13:15:19","modified_gmt":"2019-03-19T13:15:19","slug":"el-canal-de-panama-fortalece-su-ruta-verde","status":"publish","type":"post","link":"https:\/\/sertv.gob.pa\/crisolfm\/el-canal-de-panama-fortalece-su-ruta-verde\/","title":{"rendered":"El Canal de Panam\u00e1 fortalece su ruta verde"},"content":{"rendered":"<p>El Canal de Panam\u00e1 s e uni\u00f3 al Global Industry Alliance (GIA), para apoyar la reducci\u00f3n de emisiones de gases de efecto invernadero en el transporte mar\u00edtimo internacional, anunci\u00f3 el administrador de esa v\u00eda interoce\u00e1nica, Jorge Luis Quijano.<\/p>\n<p>La inclusi\u00f3n del Canal de Panam\u00e1 en la iniciativa se dio durante las actividades del Panama Maritime World Conference and Exhibition, y tras la firma de una carta de acuerdo el viernes 15 de marzo, uni\u00e9ndose oficialmente a este grupo. Quijano manifest\u00f3 que el Canal de Panam\u00e1 se convirti\u00f3 en la primera organizaci\u00f3n latinoamericana en unirse a esta iniciativa, para impulsar alternativas como ruta eficiente.<\/p>\n","protected":false},"excerpt":{"rendered":"<p>El Canal de Panam\u00e1 s e uni\u00f3 al Global Industry <a href=\"https:\/\/sertv.gob.pa\/crisolfm\/el-canal-de-panama-fortalece-su-ruta-verde\/\"> [&#8230;]<\/a><\/p>\n","protected":false},"author":64,"featured_media":18285,"comment_status":"closed","ping_status":"closed","sticky":false,"template":"","format":"standard","meta":{"footnotes":""},"categories":[7],"tags":[],"class_list":["post-18283","post","type-post","status-publish","format-standard","has-post-thumbnail","hentry","category-ecologicas"],"_links":{"self":[{"href":"https:\/\/sertv.gob.pa\/crisolfm\/wp-json\/wp\/v2\/posts\/18283","targetHints":{"allow":["GET"]}}],"collection":[{"href":"https:\/\/sertv.gob.pa\/crisolfm\/wp-json\/wp\/v2\/posts"}],"about":[{"href":"https:\/\/sertv.gob.pa\/crisolfm\/wp-json\/wp\/v2\/types\/post"}],"author":[{"embeddable":true,"href":"https:\/\/sertv.gob.pa\/crisolfm\/wp-json\/wp\/v2\/users\/64"}],"replies":[{"embeddable":true,"href":"https:\/\/sertv.gob.pa\/crisolfm\/wp-json\/wp\/v2\/comments?post=18283"}],"version-history":[{"count":1,"href":"https:\/\/sertv.gob.pa\/crisolfm\/wp-json\/wp\/v2\/posts\/18283\/revisions"}],"predecessor-version":[{"id":18286,"href":"https:\/\/sertv.gob.pa\/crisolfm\/wp-json\/wp\/v2\/posts\/18283\/revisions\/18286"}],"wp:featuredmedia":[{"embeddable":true,"href":"https:\/\/sertv.gob.pa\/crisolfm\/wp-json\/wp\/v2\/media\/18285"}],"wp:attachment":[{"href":"https:\/\/sertv.gob.pa\/crisolfm\/wp-json\/wp\/v2\/media?parent=18283"}],"wp:term":[{"taxonomy":"category","embeddable":true,"href":"https:\/\/sertv.gob.pa\/crisolfm\/wp-json\/wp\/v2\/categories?post=18283"},{"taxonomy":"post_tag","embeddable":true,"href":"https:\/\/sertv.gob.pa\/crisolfm\/wp-json\/wp\/v2\/tags?post=18283"}],"curies":[{"name":"wp","href":"https:\/\/api.w.org\/{rel}","templated":true}]}}