{"id":18287,"date":"2019-03-19T13:29:09","date_gmt":"2019-03-19T13:29:09","guid":{"rendered":"https:\/\/sertv.gob.pa\/crisolfm\/?p=18287"},"modified":"2019-03-19T13:29:09","modified_gmt":"2019-03-19T13:29:09","slug":"nuevas-producciones-para-el-iff-panama-son-anunciadas","status":"publish","type":"post","link":"https:\/\/sertv.gob.pa\/crisolfm\/nuevas-producciones-para-el-iff-panama-son-anunciadas\/","title":{"rendered":"Nuevas producciones para el IFF Panam\u00e1 son anunciadas"},"content":{"rendered":"<p>La VIII edici\u00f3n del <a href=\"https:\/\/www.prensa.com\/tema\/iff_panama_-festival_internacional_de_cine_de_panama\/\" target=\"_blank\" rel=\"noopener\">Festival Internacional de Cine de Panam\u00e1 (IFF Panam\u00e1)<\/a>, que se efectuar\u00e1 del 4 al 10 de abril en diferentes sedes de la capital del pa\u00eds, anunci\u00f3 las producciones que formar\u00e1n parte de su secci\u00f3n Historias de Am\u00e9rica Central y el Caribe. Se proyectar\u00e1n pel\u00edculas como <strong>Apego<\/strong> (2019, Costa Rica\\Chile), de la directora Patricia Vel\u00e1squez; <strong>Aqu\u00ed y ahora<\/strong> (2018, Costa Rica\\ Chile), de Paz Le\u00f3n y <strong>Cascos indomables<\/strong> (2018, Costa Rica\\ Chile), de Ernesto Villalobos.<\/p>\n<p>Igualmente estar\u00e1n<strong> El despertar de las hormigas<\/strong> (2019, Costa Rica\\Espa\u00f1a), de Antonella Sudasassi Furniss;<strong> El viaje extraordinario de Celeste Garc\u00eda<\/strong> (2018, Cuba\\Alemania), de Arturo Infante y Jos\u00e9 (2018, Guatemala), de Li Cheng, <strong>La asfixia<\/strong> (2018, Guatemala), de Ana Isabel Bustamante; <strong>Miriam miente<\/strong> (2018, Rep\u00fablica Dominicana\\Espa\u00f1a), de Natalia Cabral y Oriol Estrada, y <strong>Panam\u00e1 Radio<\/strong> (2019, Panam\u00e1), de Edgar Sober\u00f3n Torchia, <strong>Sprinter<\/strong> (2018, Jamaica\\Estados Unidos), de Storm Saulter; <strong>Temblores<\/strong> (2018, Guatemala\\Francia), de Jayro Bustamante; <strong>Tierra adentro<\/strong> (2018, Panam\u00e1), de Mauro Colombo, y <strong>Un traductor<\/strong> (2018, Cuba\\ Canad\u00e1), de Rodrigo Barriuso y Sebastian Barriuso.<\/p>\n<p>&nbsp;<\/p>\n","protected":false},"excerpt":{"rendered":"<p>La VIII edici\u00f3n del Festival Internacional de Cine de Panam\u00e1 <a href=\"https:\/\/sertv.gob.pa\/crisolfm\/nuevas-producciones-para-el-iff-panama-son-anunciadas\/\"> [&#8230;]<\/a><\/p>\n","protected":false},"author":64,"featured_media":18290,"comment_status":"closed","ping_status":"closed","sticky":false,"template":"","format":"standard","meta":{"footnotes":""},"categories":[6],"tags":[],"class_list":["post-18287","post","type-post","status-publish","format-standard","has-post-thumbnail","hentry","category-culturales"],"_links":{"self":[{"href":"https:\/\/sertv.gob.pa\/crisolfm\/wp-json\/wp\/v2\/posts\/18287","targetHints":{"allow":["GET"]}}],"collection":[{"href":"https:\/\/sertv.gob.pa\/crisolfm\/wp-json\/wp\/v2\/posts"}],"about":[{"href":"https:\/\/sertv.gob.pa\/crisolfm\/wp-json\/wp\/v2\/types\/post"}],"author":[{"embeddable":true,"href":"https:\/\/sertv.gob.pa\/crisolfm\/wp-json\/wp\/v2\/users\/64"}],"replies":[{"embeddable":true,"href":"https:\/\/sertv.gob.pa\/crisolfm\/wp-json\/wp\/v2\/comments?post=18287"}],"version-history":[{"count":1,"href":"https:\/\/sertv.gob.pa\/crisolfm\/wp-json\/wp\/v2\/posts\/18287\/revisions"}],"predecessor-version":[{"id":18291,"href":"https:\/\/sertv.gob.pa\/crisolfm\/wp-json\/wp\/v2\/posts\/18287\/revisions\/18291"}],"wp:featuredmedia":[{"embeddable":true,"href":"https:\/\/sertv.gob.pa\/crisolfm\/wp-json\/wp\/v2\/media\/18290"}],"wp:attachment":[{"href":"https:\/\/sertv.gob.pa\/crisolfm\/wp-json\/wp\/v2\/media?parent=18287"}],"wp:term":[{"taxonomy":"category","embeddable":true,"href":"https:\/\/sertv.gob.pa\/crisolfm\/wp-json\/wp\/v2\/categories?post=18287"},{"taxonomy":"post_tag","embeddable":true,"href":"https:\/\/sertv.gob.pa\/crisolfm\/wp-json\/wp\/v2\/tags?post=18287"}],"curies":[{"name":"wp","href":"https:\/\/api.w.org\/{rel}","templated":true}]}}