{"id":18309,"date":"2019-03-19T15:22:02","date_gmt":"2019-03-19T15:22:02","guid":{"rendered":"https:\/\/sertv.gob.pa\/crisolfm\/?p=18309"},"modified":"2019-03-19T15:43:07","modified_gmt":"2019-03-19T15:43:07","slug":"en-documentales-colonenses-reflejan-historias","status":"publish","type":"post","link":"https:\/\/sertv.gob.pa\/crisolfm\/en-documentales-colonenses-reflejan-historias\/","title":{"rendered":"Colonenses reflejan historias en documentales"},"content":{"rendered":"<p>Quince j\u00f3venes ampl\u00edan sus conocimientos a trav\u00e9s del taller de cine documental, el cual se desarrolla en Col\u00f3n con chicos talentosos en la cuarta Muestra de Cine Afro que culminar\u00e1 el pr\u00f3ximo 23 de marzo. La actividad busca una metodolog\u00eda participativa que convoca afrodescendientes de esa provincia para iniciar un proceso de capacitaci\u00f3n, que les permita fortalecer su disposici\u00f3n para la vida y elevar sus voces, a trav\u00e9s de la investigaci\u00f3n y creaci\u00f3n de producciones que reflejen las realidades de sus comunidades.<\/p>\n<p>Con este proyecto se completan cuatro talleres de cine documental, donde han participado 60 j\u00f3venes y han hecho 12 cortometrajes que se han proyectado en festivales internacionales. Habr\u00e1 sesiones te\u00f3ricas y pr\u00e1cticas para el manejo de conceptos y equipos cinematogr\u00e1ficos en la introducci\u00f3n, producci\u00f3n, gui\u00f3n, fotograf\u00eda, sonido, edici\u00f3n, direcci\u00f3n e investigaci\u00f3n documental.<\/p>\n<p>&nbsp;<\/p>\n<p>&nbsp;<\/p>\n","protected":false},"excerpt":{"rendered":"<p>Quince j\u00f3venes ampl\u00edan sus conocimientos a trav\u00e9s del taller de <a href=\"https:\/\/sertv.gob.pa\/crisolfm\/en-documentales-colonenses-reflejan-historias\/\"> [&#8230;]<\/a><\/p>\n","protected":false},"author":64,"featured_media":18311,"comment_status":"closed","ping_status":"closed","sticky":false,"template":"","format":"standard","meta":{"footnotes":""},"categories":[6],"tags":[],"class_list":["post-18309","post","type-post","status-publish","format-standard","has-post-thumbnail","hentry","category-culturales"],"_links":{"self":[{"href":"https:\/\/sertv.gob.pa\/crisolfm\/wp-json\/wp\/v2\/posts\/18309","targetHints":{"allow":["GET"]}}],"collection":[{"href":"https:\/\/sertv.gob.pa\/crisolfm\/wp-json\/wp\/v2\/posts"}],"about":[{"href":"https:\/\/sertv.gob.pa\/crisolfm\/wp-json\/wp\/v2\/types\/post"}],"author":[{"embeddable":true,"href":"https:\/\/sertv.gob.pa\/crisolfm\/wp-json\/wp\/v2\/users\/64"}],"replies":[{"embeddable":true,"href":"https:\/\/sertv.gob.pa\/crisolfm\/wp-json\/wp\/v2\/comments?post=18309"}],"version-history":[{"count":2,"href":"https:\/\/sertv.gob.pa\/crisolfm\/wp-json\/wp\/v2\/posts\/18309\/revisions"}],"predecessor-version":[{"id":18321,"href":"https:\/\/sertv.gob.pa\/crisolfm\/wp-json\/wp\/v2\/posts\/18309\/revisions\/18321"}],"wp:featuredmedia":[{"embeddable":true,"href":"https:\/\/sertv.gob.pa\/crisolfm\/wp-json\/wp\/v2\/media\/18311"}],"wp:attachment":[{"href":"https:\/\/sertv.gob.pa\/crisolfm\/wp-json\/wp\/v2\/media?parent=18309"}],"wp:term":[{"taxonomy":"category","embeddable":true,"href":"https:\/\/sertv.gob.pa\/crisolfm\/wp-json\/wp\/v2\/categories?post=18309"},{"taxonomy":"post_tag","embeddable":true,"href":"https:\/\/sertv.gob.pa\/crisolfm\/wp-json\/wp\/v2\/tags?post=18309"}],"curies":[{"name":"wp","href":"https:\/\/api.w.org\/{rel}","templated":true}]}}