{"id":18313,"date":"2019-03-19T15:33:39","date_gmt":"2019-03-19T15:33:39","guid":{"rendered":"https:\/\/sertv.gob.pa\/crisolfm\/?p=18313"},"modified":"2019-03-19T15:33:39","modified_gmt":"2019-03-19T15:33:39","slug":"el-375-de-los-espanoles-no-ha-visitado-nunca-el-museo-del-prado","status":"publish","type":"post","link":"https:\/\/sertv.gob.pa\/crisolfm\/el-375-de-los-espanoles-no-ha-visitado-nunca-el-museo-del-prado\/","title":{"rendered":"El 37,5% de los espa\u00f1oles no ha visitado nunca el Museo del Prado"},"content":{"rendered":"<p>El <a href=\"https:\/\/elpais.com\/cultura\/2018\/12\/08\/actualidad\/1544271095_734097.html\" target=\"_blank\" rel=\"noopener\">Museo del Prado<\/a> ha encargado al Instituto Sondea un informe para conocer el lugar que ocupa la pinacoteca entre las referencias de los espa\u00f1oles. Y la encuesta \u2013\u00a0 enviada por correo electr\u00f3nico a 16.600 personas y rellenada por 3.321 participantes\u2013 ha descubierto que el 37,5% de los espa\u00f1oles preguntados no ha visitado nunca el museo. Es m\u00e1s, al 16% de los que no han ido no les interesa visitarlo. Tambi\u00e9n es muy llamativo que solo el 5,7% diga haberlo visitado durante el \u00faltimo a\u00f1o. El 17,3% reconoce haberlo visitado hace m\u00e1s de una d\u00e9cada.<\/p>\n<p>Este desinter\u00e9s se extiende al resto de instituciones, \u00bfcu\u00e1les son los motivos por los que los espa\u00f1oles no van a los museos? El 48,4% prefieren hacer otros planes, porque los museos no les parecen interesantes y se aburren en ellos. El 40% lo dejan en un escueto \u201cpor falta de tiempo\u201d, misma proporci\u00f3n que los que acusan al precio de las entradas de su indiferencia. Solo cuatro de cada diez espa\u00f1oles visitaron un museo en el \u00faltimo a\u00f1o.<\/p>\n<p>El Pa\u00eds<\/p>\n","protected":false},"excerpt":{"rendered":"<p>El Museo del Prado ha encargado al Instituto Sondea un <a href=\"https:\/\/sertv.gob.pa\/crisolfm\/el-375-de-los-espanoles-no-ha-visitado-nunca-el-museo-del-prado\/\"> [&#8230;]<\/a><\/p>\n","protected":false},"author":64,"featured_media":18315,"comment_status":"closed","ping_status":"closed","sticky":false,"template":"","format":"standard","meta":{"footnotes":""},"categories":[6],"tags":[],"class_list":["post-18313","post","type-post","status-publish","format-standard","has-post-thumbnail","hentry","category-culturales"],"_links":{"self":[{"href":"https:\/\/sertv.gob.pa\/crisolfm\/wp-json\/wp\/v2\/posts\/18313","targetHints":{"allow":["GET"]}}],"collection":[{"href":"https:\/\/sertv.gob.pa\/crisolfm\/wp-json\/wp\/v2\/posts"}],"about":[{"href":"https:\/\/sertv.gob.pa\/crisolfm\/wp-json\/wp\/v2\/types\/post"}],"author":[{"embeddable":true,"href":"https:\/\/sertv.gob.pa\/crisolfm\/wp-json\/wp\/v2\/users\/64"}],"replies":[{"embeddable":true,"href":"https:\/\/sertv.gob.pa\/crisolfm\/wp-json\/wp\/v2\/comments?post=18313"}],"version-history":[{"count":1,"href":"https:\/\/sertv.gob.pa\/crisolfm\/wp-json\/wp\/v2\/posts\/18313\/revisions"}],"predecessor-version":[{"id":18316,"href":"https:\/\/sertv.gob.pa\/crisolfm\/wp-json\/wp\/v2\/posts\/18313\/revisions\/18316"}],"wp:featuredmedia":[{"embeddable":true,"href":"https:\/\/sertv.gob.pa\/crisolfm\/wp-json\/wp\/v2\/media\/18315"}],"wp:attachment":[{"href":"https:\/\/sertv.gob.pa\/crisolfm\/wp-json\/wp\/v2\/media?parent=18313"}],"wp:term":[{"taxonomy":"category","embeddable":true,"href":"https:\/\/sertv.gob.pa\/crisolfm\/wp-json\/wp\/v2\/categories?post=18313"},{"taxonomy":"post_tag","embeddable":true,"href":"https:\/\/sertv.gob.pa\/crisolfm\/wp-json\/wp\/v2\/tags?post=18313"}],"curies":[{"name":"wp","href":"https:\/\/api.w.org\/{rel}","templated":true}]}}