{"id":18317,"date":"2019-03-19T15:41:22","date_gmt":"2019-03-19T15:41:22","guid":{"rendered":"https:\/\/sertv.gob.pa\/crisolfm\/?p=18317"},"modified":"2019-03-19T15:41:22","modified_gmt":"2019-03-19T15:41:22","slug":"en-buenos-aires-se-realizara-encuentro-de-cultura-arte-y-arquitectura-indigena","status":"publish","type":"post","link":"https:\/\/sertv.gob.pa\/crisolfm\/en-buenos-aires-se-realizara-encuentro-de-cultura-arte-y-arquitectura-indigena\/","title":{"rendered":"En Buenos Aires se realizar\u00e1 encuentro de cultura, arte y arquitectura ind\u00edgena"},"content":{"rendered":"<p>La ciudad de Buenos Aires alberga el \u00abEncuentro de\u00a0Cultura, Arte y Arquitectura Ind\u00edgena en las Am\u00e9ricas 2019\u00bb, ceremonia que se llevar\u00e1 a cabo en la Biblioteca Nacional desde el 18 al 22 de marzo y contar\u00e1 con la participaci\u00f3n especial de arquitectos internacionales.<\/p>\n<p>En el \u00abI Coloquio de Nueva Arquitectura Ind\u00edgena\u00bb participar\u00e1n profesionales reconocidos del mundo de antropolog\u00eda y ciencias sociales o la arquitectura, como el canadiense Douglas Cardinal, Freddy Mamani de Bolivia, Eliseo Huencho Morales de Chile o Geronimo Ayala Benitez de Paraguay.<\/p>\n<p>El objeto de las jornadas, que a\u00fanan construcci\u00f3n, artes y dise\u00f1o, es dar \u00abvisibilidad\u00bb y \u00abvoz\u00bb a los pueblos ind\u00edgenas en la conformaci\u00f3n del espacio construido en sus tierras y territorios y \u00abpromover el talento local, sus tradiciones y recursos\u00bb, seg\u00fan inform\u00f3 el comit\u00e9 organizador.<\/p>\n<p>El Espectador<\/p>\n","protected":false},"excerpt":{"rendered":"<p>La ciudad de Buenos Aires alberga el \u00abEncuentro de\u00a0Cultura, Arte <a href=\"https:\/\/sertv.gob.pa\/crisolfm\/en-buenos-aires-se-realizara-encuentro-de-cultura-arte-y-arquitectura-indigena\/\"> [&#8230;]<\/a><\/p>\n","protected":false},"author":64,"featured_media":18319,"comment_status":"closed","ping_status":"closed","sticky":false,"template":"","format":"standard","meta":{"footnotes":""},"categories":[6],"tags":[],"class_list":["post-18317","post","type-post","status-publish","format-standard","has-post-thumbnail","hentry","category-culturales"],"_links":{"self":[{"href":"https:\/\/sertv.gob.pa\/crisolfm\/wp-json\/wp\/v2\/posts\/18317","targetHints":{"allow":["GET"]}}],"collection":[{"href":"https:\/\/sertv.gob.pa\/crisolfm\/wp-json\/wp\/v2\/posts"}],"about":[{"href":"https:\/\/sertv.gob.pa\/crisolfm\/wp-json\/wp\/v2\/types\/post"}],"author":[{"embeddable":true,"href":"https:\/\/sertv.gob.pa\/crisolfm\/wp-json\/wp\/v2\/users\/64"}],"replies":[{"embeddable":true,"href":"https:\/\/sertv.gob.pa\/crisolfm\/wp-json\/wp\/v2\/comments?post=18317"}],"version-history":[{"count":1,"href":"https:\/\/sertv.gob.pa\/crisolfm\/wp-json\/wp\/v2\/posts\/18317\/revisions"}],"predecessor-version":[{"id":18320,"href":"https:\/\/sertv.gob.pa\/crisolfm\/wp-json\/wp\/v2\/posts\/18317\/revisions\/18320"}],"wp:featuredmedia":[{"embeddable":true,"href":"https:\/\/sertv.gob.pa\/crisolfm\/wp-json\/wp\/v2\/media\/18319"}],"wp:attachment":[{"href":"https:\/\/sertv.gob.pa\/crisolfm\/wp-json\/wp\/v2\/media?parent=18317"}],"wp:term":[{"taxonomy":"category","embeddable":true,"href":"https:\/\/sertv.gob.pa\/crisolfm\/wp-json\/wp\/v2\/categories?post=18317"},{"taxonomy":"post_tag","embeddable":true,"href":"https:\/\/sertv.gob.pa\/crisolfm\/wp-json\/wp\/v2\/tags?post=18317"}],"curies":[{"name":"wp","href":"https:\/\/api.w.org\/{rel}","templated":true}]}}