{"id":18322,"date":"2019-03-19T15:52:23","date_gmt":"2019-03-19T15:52:23","guid":{"rendered":"https:\/\/sertv.gob.pa\/crisolfm\/?p=18322"},"modified":"2019-03-19T15:52:23","modified_gmt":"2019-03-19T15:52:23","slug":"powen-construira-la-mayor-planta-de-autoconsumo-agricola-de-espana","status":"publish","type":"post","link":"https:\/\/sertv.gob.pa\/crisolfm\/powen-construira-la-mayor-planta-de-autoconsumo-agricola-de-espana\/","title":{"rendered":"Powen construir\u00e1 la mayor planta de autoconsumo agr\u00edcola de Espa\u00f1a"},"content":{"rendered":"<p>Powen construir\u00e1 <strong>la mayor planta de autoconsumo agr\u00edcola<\/strong> de Espa\u00f1a en Carmona (Sevilla), con una potencia de 6 megavatios (MW), inform\u00f3 la compa\u00f1\u00eda. En concreto, el grupo especializado en energ\u00eda solar fotovoltaica ha sido seleccionado por la Comunidad de Regantes del Valle Inferior del Guadalquivir para la construcci\u00f3n del proyecto, que proporcionar\u00e1 energ\u00eda para <em>el autoconsumo de las estaciones de bombeo.<\/em><\/p>\n<p>La compa\u00f1\u00eda indic\u00f3 que cuando entre en funcionamiento la planta, que tendr\u00e1 una extensi\u00f3n de 15 hect\u00e1reas, permitir\u00e1 ahorrar 4.700 toneladas de emisiones de CO2 anuales. El director de Powen Agr\u00edcola, Jacobo Mart\u00ednez, se\u00f1al\u00f3 que esta planta \u00abmarcar\u00e1 un antes y un despu\u00e9s en la transici\u00f3n a un nuevo modelo energ\u00e9tico del que queremos ser uno de los principales art\u00edfices\u00bb.<\/p>\n<p>ECOticias<\/p>\n","protected":false},"excerpt":{"rendered":"<p>Powen construir\u00e1 la mayor planta de autoconsumo agr\u00edcola de Espa\u00f1a <a href=\"https:\/\/sertv.gob.pa\/crisolfm\/powen-construira-la-mayor-planta-de-autoconsumo-agricola-de-espana\/\"> [&#8230;]<\/a><\/p>\n","protected":false},"author":64,"featured_media":18325,"comment_status":"closed","ping_status":"closed","sticky":false,"template":"","format":"standard","meta":{"footnotes":""},"categories":[7],"tags":[],"class_list":["post-18322","post","type-post","status-publish","format-standard","has-post-thumbnail","hentry","category-ecologicas"],"_links":{"self":[{"href":"https:\/\/sertv.gob.pa\/crisolfm\/wp-json\/wp\/v2\/posts\/18322","targetHints":{"allow":["GET"]}}],"collection":[{"href":"https:\/\/sertv.gob.pa\/crisolfm\/wp-json\/wp\/v2\/posts"}],"about":[{"href":"https:\/\/sertv.gob.pa\/crisolfm\/wp-json\/wp\/v2\/types\/post"}],"author":[{"embeddable":true,"href":"https:\/\/sertv.gob.pa\/crisolfm\/wp-json\/wp\/v2\/users\/64"}],"replies":[{"embeddable":true,"href":"https:\/\/sertv.gob.pa\/crisolfm\/wp-json\/wp\/v2\/comments?post=18322"}],"version-history":[{"count":1,"href":"https:\/\/sertv.gob.pa\/crisolfm\/wp-json\/wp\/v2\/posts\/18322\/revisions"}],"predecessor-version":[{"id":18326,"href":"https:\/\/sertv.gob.pa\/crisolfm\/wp-json\/wp\/v2\/posts\/18322\/revisions\/18326"}],"wp:featuredmedia":[{"embeddable":true,"href":"https:\/\/sertv.gob.pa\/crisolfm\/wp-json\/wp\/v2\/media\/18325"}],"wp:attachment":[{"href":"https:\/\/sertv.gob.pa\/crisolfm\/wp-json\/wp\/v2\/media?parent=18322"}],"wp:term":[{"taxonomy":"category","embeddable":true,"href":"https:\/\/sertv.gob.pa\/crisolfm\/wp-json\/wp\/v2\/categories?post=18322"},{"taxonomy":"post_tag","embeddable":true,"href":"https:\/\/sertv.gob.pa\/crisolfm\/wp-json\/wp\/v2\/tags?post=18322"}],"curies":[{"name":"wp","href":"https:\/\/api.w.org\/{rel}","templated":true}]}}