{"id":18327,"date":"2019-03-19T15:58:32","date_gmt":"2019-03-19T15:58:32","guid":{"rendered":"https:\/\/sertv.gob.pa\/crisolfm\/?p=18327"},"modified":"2019-03-19T15:58:32","modified_gmt":"2019-03-19T15:58:32","slug":"pacma-se-suma-al-dia-mundial-sin-carne-20-de-marzo","status":"publish","type":"post","link":"https:\/\/sertv.gob.pa\/crisolfm\/pacma-se-suma-al-dia-mundial-sin-carne-20-de-marzo\/","title":{"rendered":"PACMA se suma al D\u00eda Mundial Sin Carne (20 de marzo)"},"content":{"rendered":"<ul>\n<li>Este 20 de marzo se celebra en todo el mundo una jornada que invita a eliminar la carne de nuestra dieta durante un d\u00eda.<\/li>\n<li>\u00a0El Partido Animalista es el \u00fanico que pretende incluir en la agenda pol\u00edtica medidas encaminadas a la reducci\u00f3n del consumo de carne y productos de origen animal.<\/li>\n<li>Cada persona que participe estar\u00e1 ahorrando m\u00e1s de cuatro mil litros de agua, veinte kilos de cereal o el equivalente a 4,5 kilos de CO2.<\/li>\n<\/ul>\n<p>Una semana despu\u00e9s de que millones de j\u00f3venes se manifestaran en todo el mundo para pedir pol\u00edticas reales y efectivas contra el calentamiento global, llega <strong>el D\u00eda Mundial Sin Carne (20 de marzo)<\/strong>. Precisamente, tanto la ONU como colectivos de cient\u00edficos en todo el mundo coinciden en que para frenar el cambio clim\u00e1tico es necesario reducir el consumo de carne mundial y optar por dietas basadas en vegetales, pues la ganader\u00eda intensiva supone una de las principales fuentes de contaminaci\u00f3n. No es casualidad que en las movilizaciones estudiantiles por el clima haya pancartas que aludan directamente al veganismo ni que la propia activista Greta Thunberg, l\u00edder del movimiento, sea vegana.<\/p>\n<p>PACMA vuelve a sumarse a la iniciativa sin carne este pr\u00f3ximo 20 de marzo. El Partido Animalista es el \u00fanico que pretende incluir en la agenda pol\u00edtica medidas encaminadas a <em>la reducci\u00f3n del consumo de carne<\/em> y productos de origen animal. Sus medidas apuestan por promover el consumo de productos de origen vegetal, mucho m\u00e1s saludables, sostenibles, eficientes y con una huella de carbono infinitamente menor.<\/p>\n<p>ECOticias<\/p>\n","protected":false},"excerpt":{"rendered":"<p>Este 20 de marzo se celebra en todo el mundo <a href=\"https:\/\/sertv.gob.pa\/crisolfm\/pacma-se-suma-al-dia-mundial-sin-carne-20-de-marzo\/\"> [&#8230;]<\/a><\/p>\n","protected":false},"author":64,"featured_media":18329,"comment_status":"closed","ping_status":"closed","sticky":false,"template":"","format":"standard","meta":{"footnotes":""},"categories":[7],"tags":[],"class_list":["post-18327","post","type-post","status-publish","format-standard","has-post-thumbnail","hentry","category-ecologicas"],"_links":{"self":[{"href":"https:\/\/sertv.gob.pa\/crisolfm\/wp-json\/wp\/v2\/posts\/18327","targetHints":{"allow":["GET"]}}],"collection":[{"href":"https:\/\/sertv.gob.pa\/crisolfm\/wp-json\/wp\/v2\/posts"}],"about":[{"href":"https:\/\/sertv.gob.pa\/crisolfm\/wp-json\/wp\/v2\/types\/post"}],"author":[{"embeddable":true,"href":"https:\/\/sertv.gob.pa\/crisolfm\/wp-json\/wp\/v2\/users\/64"}],"replies":[{"embeddable":true,"href":"https:\/\/sertv.gob.pa\/crisolfm\/wp-json\/wp\/v2\/comments?post=18327"}],"version-history":[{"count":1,"href":"https:\/\/sertv.gob.pa\/crisolfm\/wp-json\/wp\/v2\/posts\/18327\/revisions"}],"predecessor-version":[{"id":18330,"href":"https:\/\/sertv.gob.pa\/crisolfm\/wp-json\/wp\/v2\/posts\/18327\/revisions\/18330"}],"wp:featuredmedia":[{"embeddable":true,"href":"https:\/\/sertv.gob.pa\/crisolfm\/wp-json\/wp\/v2\/media\/18329"}],"wp:attachment":[{"href":"https:\/\/sertv.gob.pa\/crisolfm\/wp-json\/wp\/v2\/media?parent=18327"}],"wp:term":[{"taxonomy":"category","embeddable":true,"href":"https:\/\/sertv.gob.pa\/crisolfm\/wp-json\/wp\/v2\/categories?post=18327"},{"taxonomy":"post_tag","embeddable":true,"href":"https:\/\/sertv.gob.pa\/crisolfm\/wp-json\/wp\/v2\/tags?post=18327"}],"curies":[{"name":"wp","href":"https:\/\/api.w.org\/{rel}","templated":true}]}}