{"id":18335,"date":"2019-03-19T19:15:26","date_gmt":"2019-03-19T19:15:26","guid":{"rendered":"https:\/\/sertv.gob.pa\/crisolfm\/?p=18335"},"modified":"2019-03-19T19:15:26","modified_gmt":"2019-03-19T19:15:26","slug":"el-volcan-popocatepetl-en-mexico-registra-una-fuerte-explosion","status":"publish","type":"post","link":"https:\/\/sertv.gob.pa\/crisolfm\/el-volcan-popocatepetl-en-mexico-registra-una-fuerte-explosion\/","title":{"rendered":"El volc\u00e1n Popocat\u00e9petl en M\u00e9xico registra una fuerte explosi\u00f3n"},"content":{"rendered":"<p>Una fuerte explosi\u00f3n se registr\u00f3 en la noche del lunes en el volc\u00e1n Popocat\u00e9petl, en el estado de Puebla, en el centro-este de M\u00e9xico. C\u00e1maras de seguridad del Estado mexicano grabaron el momento del estallido del volc\u00e1n que no caus\u00f3 ni heridos ni da\u00f1os materiales.<\/p>\n<p>A las 21:38 hora local (3:11 GMT) se registr\u00f3 una explosi\u00f3n que gener\u00f3<strong> una emisi\u00f3n de vapor de agua y gas con moderado contenido de ceniza <\/strong>alcanzando una altura de 1,2 km en direcci\u00f3n este, y arroj\u00f3 fragmentos incandescentes a 2,5 km sobre las laderas\u00bb, inform\u00f3 el Centro Nacional de Prevenci\u00f3n de Desastres de M\u00e9xico (Cenapred), en su sitio web.<\/p>\n<p>Las autoridades aseguraron que pese a la impactante explosi\u00f3n no se modific\u00f3 la alerta que afecta a la zona que es de Amarillo Fase 2. Esto significa que el volc\u00e1n se encuentra en evidente actividad pero que a\u00fan no es necesaria una evacuaci\u00f3n. El Centro Nacional de Prevenci\u00f3n de Desastres de M\u00e9xico urgi\u00f3 a la poblaci\u00f3n a <strong>no acercarse al volc\u00e1n.<\/strong><\/p>\n<p><strong>\u00a0<\/strong><strong>BBC Mundo<\/strong><\/p>\n<p>&nbsp;<\/p>\n","protected":false},"excerpt":{"rendered":"<p>Una fuerte explosi\u00f3n se registr\u00f3 en la noche del lunes <a href=\"https:\/\/sertv.gob.pa\/crisolfm\/el-volcan-popocatepetl-en-mexico-registra-una-fuerte-explosion\/\"> [&#8230;]<\/a><\/p>\n","protected":false},"author":64,"featured_media":18337,"comment_status":"closed","ping_status":"closed","sticky":false,"template":"","format":"standard","meta":{"footnotes":""},"categories":[7],"tags":[],"class_list":["post-18335","post","type-post","status-publish","format-standard","has-post-thumbnail","hentry","category-ecologicas"],"_links":{"self":[{"href":"https:\/\/sertv.gob.pa\/crisolfm\/wp-json\/wp\/v2\/posts\/18335","targetHints":{"allow":["GET"]}}],"collection":[{"href":"https:\/\/sertv.gob.pa\/crisolfm\/wp-json\/wp\/v2\/posts"}],"about":[{"href":"https:\/\/sertv.gob.pa\/crisolfm\/wp-json\/wp\/v2\/types\/post"}],"author":[{"embeddable":true,"href":"https:\/\/sertv.gob.pa\/crisolfm\/wp-json\/wp\/v2\/users\/64"}],"replies":[{"embeddable":true,"href":"https:\/\/sertv.gob.pa\/crisolfm\/wp-json\/wp\/v2\/comments?post=18335"}],"version-history":[{"count":1,"href":"https:\/\/sertv.gob.pa\/crisolfm\/wp-json\/wp\/v2\/posts\/18335\/revisions"}],"predecessor-version":[{"id":18338,"href":"https:\/\/sertv.gob.pa\/crisolfm\/wp-json\/wp\/v2\/posts\/18335\/revisions\/18338"}],"wp:featuredmedia":[{"embeddable":true,"href":"https:\/\/sertv.gob.pa\/crisolfm\/wp-json\/wp\/v2\/media\/18337"}],"wp:attachment":[{"href":"https:\/\/sertv.gob.pa\/crisolfm\/wp-json\/wp\/v2\/media?parent=18335"}],"wp:term":[{"taxonomy":"category","embeddable":true,"href":"https:\/\/sertv.gob.pa\/crisolfm\/wp-json\/wp\/v2\/categories?post=18335"},{"taxonomy":"post_tag","embeddable":true,"href":"https:\/\/sertv.gob.pa\/crisolfm\/wp-json\/wp\/v2\/tags?post=18335"}],"curies":[{"name":"wp","href":"https:\/\/api.w.org\/{rel}","templated":true}]}}