{"id":18339,"date":"2019-03-20T13:11:21","date_gmt":"2019-03-20T13:11:21","guid":{"rendered":"https:\/\/sertv.gob.pa\/crisolfm\/?p=18339"},"modified":"2019-03-20T13:11:21","modified_gmt":"2019-03-20T13:11:21","slug":"victimas-del-ciclon-idai-en-africa-podrian-superar-el-millar","status":"publish","type":"post","link":"https:\/\/sertv.gob.pa\/crisolfm\/victimas-del-ciclon-idai-en-africa-podrian-superar-el-millar\/","title":{"rendered":"V\u00edctimas del cicl\u00f3n Idai en \u00c1frica podr\u00edan superar el millar"},"content":{"rendered":"<p>Las <strong>v\u00edctimas del cicl\u00f3n Idai,<\/strong> que ha <strong>devastado pueblos <\/strong>y ciudades en el <strong>sureste de \u00c1frica<\/strong>, <strong>sobrepasan ya las 200<\/strong>, pero podr\u00edan <strong>superar el millar<\/strong>, advirti\u00f3 el presidente mozambique\u00f1o, Filipe Nyusi. <em>\u00abFormalmente y hasta el momento hemos registrado al menos 84 muertos (en Mozambique), pero todo indica que podemos registrar m\u00e1s de mil muertos\u00bb<\/em>, dijo Nyusi, despu\u00e9s de visitar este fin de semana las provincias afectadas. El domingo, Nyusi sobrevol\u00f3 en helic\u00f3ptero Sofala, Zamb\u00e9zia, Manica y Tete y, en un mensaje en la radio estatal, alert\u00f3 este lunes de que <strong>\u00abm\u00e1s de 100.000 personas est\u00e1n en riesgo\u00bb, en una zona con 1,1 millones de habitantes.<\/strong><\/p>\n<p>Seg\u00fan el <strong>relato del presidente<\/strong>, que <strong>coincide con las im\u00e1genes y v\u00eddeos de testigos<\/strong> y organismos internacionales, las i<strong>nundaciones han hecho desaparecer<\/strong> bajo las aguas <strong>poblaciones enteras<\/strong>, mientras que otras est\u00e1n <strong>completamente incomunicadas.<\/strong> Beira, una de las principales ciudades del pa\u00eds, ha quedado destruida en un 90 %, de acuerdo con la Federaci\u00f3n Internacional de la Cruz Roja (FICR).<\/p>\n<p>El<strong> cicl\u00f3n Idai lleg\u00f3 al litoral de Mozambique<\/strong>, a unos 300 kil\u00f3metros al este de Zimbabue, <strong>y contin\u00fao su trayecto hacia el este de Zimbabue<\/strong> el viernes, donde los <strong>fuertes vientos y las lluvias torrenciales<\/strong> han causado <strong>desbordamientos de r\u00edos y graves da\u00f1os<\/strong> en las principales <strong>v\u00edas de comunicaci\u00f3n.<\/strong><\/p>\n<p>&nbsp;<\/p>\n","protected":false},"excerpt":{"rendered":"<p>Las v\u00edctimas del cicl\u00f3n Idai, que ha devastado pueblos y <a href=\"https:\/\/sertv.gob.pa\/crisolfm\/victimas-del-ciclon-idai-en-africa-podrian-superar-el-millar\/\"> [&#8230;]<\/a><\/p>\n","protected":false},"author":64,"featured_media":18341,"comment_status":"closed","ping_status":"closed","sticky":false,"template":"","format":"standard","meta":{"footnotes":""},"categories":[7],"tags":[],"class_list":["post-18339","post","type-post","status-publish","format-standard","has-post-thumbnail","hentry","category-ecologicas"],"_links":{"self":[{"href":"https:\/\/sertv.gob.pa\/crisolfm\/wp-json\/wp\/v2\/posts\/18339","targetHints":{"allow":["GET"]}}],"collection":[{"href":"https:\/\/sertv.gob.pa\/crisolfm\/wp-json\/wp\/v2\/posts"}],"about":[{"href":"https:\/\/sertv.gob.pa\/crisolfm\/wp-json\/wp\/v2\/types\/post"}],"author":[{"embeddable":true,"href":"https:\/\/sertv.gob.pa\/crisolfm\/wp-json\/wp\/v2\/users\/64"}],"replies":[{"embeddable":true,"href":"https:\/\/sertv.gob.pa\/crisolfm\/wp-json\/wp\/v2\/comments?post=18339"}],"version-history":[{"count":1,"href":"https:\/\/sertv.gob.pa\/crisolfm\/wp-json\/wp\/v2\/posts\/18339\/revisions"}],"predecessor-version":[{"id":18342,"href":"https:\/\/sertv.gob.pa\/crisolfm\/wp-json\/wp\/v2\/posts\/18339\/revisions\/18342"}],"wp:featuredmedia":[{"embeddable":true,"href":"https:\/\/sertv.gob.pa\/crisolfm\/wp-json\/wp\/v2\/media\/18341"}],"wp:attachment":[{"href":"https:\/\/sertv.gob.pa\/crisolfm\/wp-json\/wp\/v2\/media?parent=18339"}],"wp:term":[{"taxonomy":"category","embeddable":true,"href":"https:\/\/sertv.gob.pa\/crisolfm\/wp-json\/wp\/v2\/categories?post=18339"},{"taxonomy":"post_tag","embeddable":true,"href":"https:\/\/sertv.gob.pa\/crisolfm\/wp-json\/wp\/v2\/tags?post=18339"}],"curies":[{"name":"wp","href":"https:\/\/api.w.org\/{rel}","templated":true}]}}